{"id":17984,"date":"2024-06-02T08:00:00","date_gmt":"2024-06-02T06:00:00","guid":{"rendered":"http:\/\/cms.mtsomnii.de\/w7\/kreisbote-gap\/tanzprojekt-in-garmisch-partenkirchen-58-kleine-opernstars-fuehren-haensel-und-gretel-auf-93098586-html-5-17984\/"},"modified":"2024-06-02T08:00:00","modified_gmt":"2024-06-02T06:00:00","slug":"tanzprojekt-in-garmisch-partenkirchen-58-kleine-opernstars-fuehren-haensel-und-gretel-auf-93098586-html-5","status":"publish","type":"post","link":"http:\/\/cms.mtsomnii.de\/w7\/kreisbote-gap\/tanzprojekt-in-garmisch-partenkirchen-58-kleine-opernstars-fuehren-haensel-und-gretel-auf-93098586-html-5-17984\/","title":{"rendered":"Tanzprojekt in Garmisch-Partenkirchen: 58 kleine Opernstars f\u00fchren \u201eH\u00e4nsel und Gretel\u201c auf"},"content":{"rendered":"<div>Aus dem \u00dcbungsraum der Tanzschule \u201edanCity\u201c in  Garmisch-Partenkirchen h\u00f6rt man Musik und Lachen. Zweit- und Siebtkl\u00e4ssler der B\u00fcrgermeister-Sch\u00fctte-Schule proben f\u00fcr das Tanzprojekt \u201eH\u00e4nsel und Gretel\u201c \u2013 das im Rahmen der Richard-Strauss-Tage am 6. Juni im Kongresshaus pr\u00e4sentiert wird.<\/div>\n","protected":false},"excerpt":{"rendered":"<p>Aus dem \u00dcbungsraum der Tanzschule \u201edanCity\u201c in Garmisch-Partenkirchen h\u00f6rt man Musik und Lachen. Zweit- und Siebtkl\u00e4ssler der B\u00fcrgermeister-Sch\u00fctte-Schule proben f\u00fcr das Tanzprojekt \u201eH\u00e4nsel und Gretel\u201c \u2013 das im Rahmen der Richard-Strauss-Tage am 6. Juni im Kongresshaus pr\u00e4sentiert wird.<\/p>\n","protected":false},"author":4,"featured_media":0,"comment_status":"closed","ping_status":"open","sticky":false,"template":"","format":"standard","meta":[],"categories":[2],"tags":[],"_links":{"self":[{"href":"http:\/\/cms.mtsomnii.de\/w7\/wp-json\/wp\/v2\/posts\/17984"}],"collection":[{"href":"http:\/\/cms.mtsomnii.de\/w7\/wp-json\/wp\/v2\/posts"}],"about":[{"href":"http:\/\/cms.mtsomnii.de\/w7\/wp-json\/wp\/v2\/types\/post"}],"author":[{"embeddable":true,"href":"http:\/\/cms.mtsomnii.de\/w7\/wp-json\/wp\/v2\/users\/4"}],"replies":[{"embeddable":true,"href":"http:\/\/cms.mtsomnii.de\/w7\/wp-json\/wp\/v2\/comments?post=17984"}],"version-history":[{"count":0,"href":"http:\/\/cms.mtsomnii.de\/w7\/wp-json\/wp\/v2\/posts\/17984\/revisions"}],"wp:attachment":[{"href":"http:\/\/cms.mtsomnii.de\/w7\/wp-json\/wp\/v2\/media?parent=17984"}],"wp:term":[{"taxonomy":"category","embeddable":true,"href":"http:\/\/cms.mtsomnii.de\/w7\/wp-json\/wp\/v2\/categories?post=17984"},{"taxonomy":"post_tag","embeddable":true,"href":"http:\/\/cms.mtsomnii.de\/w7\/wp-json\/wp\/v2\/tags?post=17984"}],"curies":[{"name":"wp","href":"https:\/\/api.w.org\/{rel}","templated":true}]}}