{"id":18021,"date":"2024-06-06T10:00:47","date_gmt":"2024-06-06T08:00:47","guid":{"rendered":"http:\/\/cms.mtsomnii.de\/w7\/merkur-de-gap\/unterammergau-buergermeister-robert-stumpfecker-56-ueberraschend-verstorben-93113210-html-2-18021\/"},"modified":"2024-06-06T10:00:47","modified_gmt":"2024-06-06T08:00:47","slug":"unterammergau-buergermeister-robert-stumpfecker-56-ueberraschend-verstorben-93113210-html-2","status":"publish","type":"post","link":"http:\/\/cms.mtsomnii.de\/w7\/merkur-de-gap\/unterammergau-buergermeister-robert-stumpfecker-56-ueberraschend-verstorben-93113210-html-2-18021\/","title":{"rendered":"Unterammergau: B\u00fcrgermeister Robert Stumpfecker (56) \u00fcberraschend verstorben"},"content":{"rendered":"<div>Trauer und Fassungslosigkeit: Unterammergaus B\u00fcrgermeister Robert Stumpfecker (56) ist am Dienstag v\u00f6llig \u00fcberraschend verstorben.<\/div>\n","protected":false},"excerpt":{"rendered":"<p>Trauer und Fassungslosigkeit: Unterammergaus B\u00fcrgermeister Robert Stumpfecker (56) ist am Dienstag v\u00f6llig \u00fcberraschend verstorben.<\/p>\n","protected":false},"author":5,"featured_media":0,"comment_status":"closed","ping_status":"open","sticky":false,"template":"","format":"standard","meta":[],"categories":[5],"tags":[],"_links":{"self":[{"href":"http:\/\/cms.mtsomnii.de\/w7\/wp-json\/wp\/v2\/posts\/18021"}],"collection":[{"href":"http:\/\/cms.mtsomnii.de\/w7\/wp-json\/wp\/v2\/posts"}],"about":[{"href":"http:\/\/cms.mtsomnii.de\/w7\/wp-json\/wp\/v2\/types\/post"}],"author":[{"embeddable":true,"href":"http:\/\/cms.mtsomnii.de\/w7\/wp-json\/wp\/v2\/users\/5"}],"replies":[{"embeddable":true,"href":"http:\/\/cms.mtsomnii.de\/w7\/wp-json\/wp\/v2\/comments?post=18021"}],"version-history":[{"count":0,"href":"http:\/\/cms.mtsomnii.de\/w7\/wp-json\/wp\/v2\/posts\/18021\/revisions"}],"wp:attachment":[{"href":"http:\/\/cms.mtsomnii.de\/w7\/wp-json\/wp\/v2\/media?parent=18021"}],"wp:term":[{"taxonomy":"category","embeddable":true,"href":"http:\/\/cms.mtsomnii.de\/w7\/wp-json\/wp\/v2\/categories?post=18021"},{"taxonomy":"post_tag","embeddable":true,"href":"http:\/\/cms.mtsomnii.de\/w7\/wp-json\/wp\/v2\/tags?post=18021"}],"curies":[{"name":"wp","href":"https:\/\/api.w.org\/{rel}","templated":true}]}}