{"id":18207,"date":"2024-06-20T07:00:00","date_gmt":"2024-06-20T05:00:00","guid":{"rendered":"http:\/\/cms.mtsomnii.de\/w7\/merkur-de-gap\/bozner-markt-bekommt-ein-gesicht-93139850-html-18207\/"},"modified":"2024-06-20T07:00:00","modified_gmt":"2024-06-20T05:00:00","slug":"bozner-markt-bekommt-ein-gesicht-93139850-html","status":"publish","type":"post","link":"http:\/\/cms.mtsomnii.de\/w7\/merkur-de-gap\/bozner-markt-bekommt-ein-gesicht-93139850-html-18207\/","title":{"rendered":"Bozner Markt 2.0: Die Gralsh\u00fcter der reinen Lehre"},"content":{"rendered":"<div>Sie sind die Gralsh\u00fcter der reinen Lehre, sie sollen daf\u00fcr sorgen, dass das Mittenwalder Historienspektakel nicht zum Markt der Beliebigkeiten verkommt. Die Rede ist von den acht willigen Mitgliedern des neugegr\u00fcndeten Bozner-Markt-Kuratoriums.<\/div>\n","protected":false},"excerpt":{"rendered":"<p>Sie sind die Gralsh\u00fcter der reinen Lehre, sie sollen daf\u00fcr sorgen, dass das Mittenwalder Historienspektakel nicht zum Markt der Beliebigkeiten verkommt. Die Rede ist von den acht willigen Mitgliedern des neugegr\u00fcndeten Bozner-Markt-Kuratoriums.<\/p>\n","protected":false},"author":5,"featured_media":0,"comment_status":"closed","ping_status":"open","sticky":false,"template":"","format":"standard","meta":[],"categories":[5],"tags":[],"_links":{"self":[{"href":"http:\/\/cms.mtsomnii.de\/w7\/wp-json\/wp\/v2\/posts\/18207"}],"collection":[{"href":"http:\/\/cms.mtsomnii.de\/w7\/wp-json\/wp\/v2\/posts"}],"about":[{"href":"http:\/\/cms.mtsomnii.de\/w7\/wp-json\/wp\/v2\/types\/post"}],"author":[{"embeddable":true,"href":"http:\/\/cms.mtsomnii.de\/w7\/wp-json\/wp\/v2\/users\/5"}],"replies":[{"embeddable":true,"href":"http:\/\/cms.mtsomnii.de\/w7\/wp-json\/wp\/v2\/comments?post=18207"}],"version-history":[{"count":0,"href":"http:\/\/cms.mtsomnii.de\/w7\/wp-json\/wp\/v2\/posts\/18207\/revisions"}],"wp:attachment":[{"href":"http:\/\/cms.mtsomnii.de\/w7\/wp-json\/wp\/v2\/media?parent=18207"}],"wp:term":[{"taxonomy":"category","embeddable":true,"href":"http:\/\/cms.mtsomnii.de\/w7\/wp-json\/wp\/v2\/categories?post=18207"},{"taxonomy":"post_tag","embeddable":true,"href":"http:\/\/cms.mtsomnii.de\/w7\/wp-json\/wp\/v2\/tags?post=18207"}],"curies":[{"name":"wp","href":"https:\/\/api.w.org\/{rel}","templated":true}]}}