{"id":18211,"date":"2024-06-20T14:02:10","date_gmt":"2024-06-20T12:02:10","guid":{"rendered":"http:\/\/cms.mtsomnii.de\/w7\/merkur-de-gap\/auffahrunfall-bei-farchant-verletzte-personen-und-hoher-sachschaden-93141381-html-18211\/"},"modified":"2024-06-20T14:02:10","modified_gmt":"2024-06-20T12:02:10","slug":"auffahrunfall-bei-farchant-verletzte-personen-und-hoher-sachschaden-93141381-html","status":"publish","type":"post","link":"http:\/\/cms.mtsomnii.de\/w7\/merkur-de-gap\/auffahrunfall-bei-farchant-verletzte-personen-und-hoher-sachschaden-93141381-html-18211\/","title":{"rendered":"Auffahrunfall bei Farchant &#8211; Verletzte Personen und hoher Sachschaden"},"content":{"rendered":"<div>Aus bislang unbekannten Gr\u00fcnden rammte am Mittwoch (19. Juni) ein 20-j\u00e4hriger Autofahrer einen vorausfahrenden 68-J\u00e4hrigen. Dieser kam daraufhin mit seinem Wagen ins Schleudern und prallte in die Stra\u00dfenbegrenzung. Der Mann wurde ins Klinikum Garmisch-Partenkirchen gebracht.<\/div>\n","protected":false},"excerpt":{"rendered":"<p>Aus bislang unbekannten Gr\u00fcnden rammte am Mittwoch (19. Juni) ein 20-j\u00e4hriger Autofahrer einen vorausfahrenden 68-J\u00e4hrigen. Dieser kam daraufhin mit seinem Wagen ins Schleudern und prallte in die Stra\u00dfenbegrenzung. Der Mann wurde ins Klinikum Garmisch-Partenkirchen gebracht.<\/p>\n","protected":false},"author":5,"featured_media":0,"comment_status":"closed","ping_status":"open","sticky":false,"template":"","format":"standard","meta":[],"categories":[5],"tags":[],"_links":{"self":[{"href":"http:\/\/cms.mtsomnii.de\/w7\/wp-json\/wp\/v2\/posts\/18211"}],"collection":[{"href":"http:\/\/cms.mtsomnii.de\/w7\/wp-json\/wp\/v2\/posts"}],"about":[{"href":"http:\/\/cms.mtsomnii.de\/w7\/wp-json\/wp\/v2\/types\/post"}],"author":[{"embeddable":true,"href":"http:\/\/cms.mtsomnii.de\/w7\/wp-json\/wp\/v2\/users\/5"}],"replies":[{"embeddable":true,"href":"http:\/\/cms.mtsomnii.de\/w7\/wp-json\/wp\/v2\/comments?post=18211"}],"version-history":[{"count":0,"href":"http:\/\/cms.mtsomnii.de\/w7\/wp-json\/wp\/v2\/posts\/18211\/revisions"}],"wp:attachment":[{"href":"http:\/\/cms.mtsomnii.de\/w7\/wp-json\/wp\/v2\/media?parent=18211"}],"wp:term":[{"taxonomy":"category","embeddable":true,"href":"http:\/\/cms.mtsomnii.de\/w7\/wp-json\/wp\/v2\/categories?post=18211"},{"taxonomy":"post_tag","embeddable":true,"href":"http:\/\/cms.mtsomnii.de\/w7\/wp-json\/wp\/v2\/tags?post=18211"}],"curies":[{"name":"wp","href":"https:\/\/api.w.org\/{rel}","templated":true}]}}