{"id":18222,"date":"2024-06-20T12:24:09","date_gmt":"2024-06-20T10:24:09","guid":{"rendered":"http:\/\/cms.mtsomnii.de\/w7\/kreisbote-gap\/junge-musiker-elite-dritter-preis-bei-wettbewerb-jugend-musiziert-93141118-html-3-18222\/"},"modified":"2024-06-20T12:24:09","modified_gmt":"2024-06-20T10:24:09","slug":"junge-musiker-elite-dritter-preis-bei-wettbewerb-jugend-musiziert-93141118-html-3","status":"publish","type":"post","link":"http:\/\/cms.mtsomnii.de\/w7\/kreisbote-gap\/junge-musiker-elite-dritter-preis-bei-wettbewerb-jugend-musiziert-93141118-html-3-18222\/","title":{"rendered":"Junge Musiker-Elite: Dritter Preis bei Wettbewerb \u201eJugend musiziert\u201c"},"content":{"rendered":"<div>\u201eDas ist ein hervorragendes Ergebnis\u201c, freut sich Musikschulleiter J\u00fcrgen Klier, als er vom Erfolg seiner Sch\u00fcler erf\u00e4hrt. Mit einem dritten Preis sind Benedikt Sch\u00f6ps (Violine) und Franz Georg Weber (Klavier) vom 61. Bundeswettbewerb \u201eJugend musiziert\u201c zur\u00fcckgekommen. Der Contest fand vom 16. bis 22. Mai in L\u00fcbeck statt.<\/div>\n","protected":false},"excerpt":{"rendered":"<p>\u201eDas ist ein hervorragendes Ergebnis\u201c, freut sich Musikschulleiter J\u00fcrgen Klier, als er vom Erfolg seiner Sch\u00fcler erf\u00e4hrt. Mit einem dritten Preis sind Benedikt Sch\u00f6ps (Violine) und Franz Georg Weber (Klavier) vom 61. Bundeswettbewerb \u201eJugend musiziert\u201c zur\u00fcckgekommen. Der Contest fand vom 16. bis 22. Mai in L\u00fcbeck statt.<\/p>\n","protected":false},"author":4,"featured_media":0,"comment_status":"closed","ping_status":"open","sticky":false,"template":"","format":"standard","meta":[],"categories":[2],"tags":[],"_links":{"self":[{"href":"http:\/\/cms.mtsomnii.de\/w7\/wp-json\/wp\/v2\/posts\/18222"}],"collection":[{"href":"http:\/\/cms.mtsomnii.de\/w7\/wp-json\/wp\/v2\/posts"}],"about":[{"href":"http:\/\/cms.mtsomnii.de\/w7\/wp-json\/wp\/v2\/types\/post"}],"author":[{"embeddable":true,"href":"http:\/\/cms.mtsomnii.de\/w7\/wp-json\/wp\/v2\/users\/4"}],"replies":[{"embeddable":true,"href":"http:\/\/cms.mtsomnii.de\/w7\/wp-json\/wp\/v2\/comments?post=18222"}],"version-history":[{"count":0,"href":"http:\/\/cms.mtsomnii.de\/w7\/wp-json\/wp\/v2\/posts\/18222\/revisions"}],"wp:attachment":[{"href":"http:\/\/cms.mtsomnii.de\/w7\/wp-json\/wp\/v2\/media?parent=18222"}],"wp:term":[{"taxonomy":"category","embeddable":true,"href":"http:\/\/cms.mtsomnii.de\/w7\/wp-json\/wp\/v2\/categories?post=18222"},{"taxonomy":"post_tag","embeddable":true,"href":"http:\/\/cms.mtsomnii.de\/w7\/wp-json\/wp\/v2\/tags?post=18222"}],"curies":[{"name":"wp","href":"https:\/\/api.w.org\/{rel}","templated":true}]}}