{"id":18243,"date":"2024-06-23T18:00:00","date_gmt":"2024-06-23T16:00:00","guid":{"rendered":"http:\/\/cms.mtsomnii.de\/w7\/merkur-de-gap\/murnauer-querungshilfe-bund-will-kosten-uebernehmen-93146478-html-18243\/"},"modified":"2024-06-23T18:00:00","modified_gmt":"2024-06-23T16:00:00","slug":"murnauer-querungshilfe-bund-will-kosten-uebernehmen-93146478-html","status":"publish","type":"post","link":"http:\/\/cms.mtsomnii.de\/w7\/merkur-de-gap\/murnauer-querungshilfe-bund-will-kosten-uebernehmen-93146478-html-18243\/","title":{"rendered":"Querungshilfe an der Murnauer B2: Bund will Kosten \u00fcbernehmen"},"content":{"rendered":"<div>Wende in der Debatte \u00fcber die Verbreiterung der Querungshilfe an der Reschstra\u00dfe in Murnau: Das Staatliche Bauamt hat signalisiert, die Kosten zu \u00fcbernehmen. Der Marktgemeinderat stellte das Thema am Donnerstagabend zur\u00fcck.<\/div>\n","protected":false},"excerpt":{"rendered":"<p>Wende in der Debatte \u00fcber die Verbreiterung der Querungshilfe an der Reschstra\u00dfe in Murnau: Das Staatliche Bauamt hat signalisiert, die Kosten zu \u00fcbernehmen. Der Marktgemeinderat stellte das Thema am Donnerstagabend zur\u00fcck.<\/p>\n","protected":false},"author":5,"featured_media":0,"comment_status":"closed","ping_status":"open","sticky":false,"template":"","format":"standard","meta":[],"categories":[5],"tags":[],"_links":{"self":[{"href":"http:\/\/cms.mtsomnii.de\/w7\/wp-json\/wp\/v2\/posts\/18243"}],"collection":[{"href":"http:\/\/cms.mtsomnii.de\/w7\/wp-json\/wp\/v2\/posts"}],"about":[{"href":"http:\/\/cms.mtsomnii.de\/w7\/wp-json\/wp\/v2\/types\/post"}],"author":[{"embeddable":true,"href":"http:\/\/cms.mtsomnii.de\/w7\/wp-json\/wp\/v2\/users\/5"}],"replies":[{"embeddable":true,"href":"http:\/\/cms.mtsomnii.de\/w7\/wp-json\/wp\/v2\/comments?post=18243"}],"version-history":[{"count":0,"href":"http:\/\/cms.mtsomnii.de\/w7\/wp-json\/wp\/v2\/posts\/18243\/revisions"}],"wp:attachment":[{"href":"http:\/\/cms.mtsomnii.de\/w7\/wp-json\/wp\/v2\/media?parent=18243"}],"wp:term":[{"taxonomy":"category","embeddable":true,"href":"http:\/\/cms.mtsomnii.de\/w7\/wp-json\/wp\/v2\/categories?post=18243"},{"taxonomy":"post_tag","embeddable":true,"href":"http:\/\/cms.mtsomnii.de\/w7\/wp-json\/wp\/v2\/tags?post=18243"}],"curies":[{"name":"wp","href":"https:\/\/api.w.org\/{rel}","templated":true}]}}