{"id":18265,"date":"2024-06-26T12:00:00","date_gmt":"2024-06-26T10:00:00","guid":{"rendered":"http:\/\/cms.mtsomnii.de\/w7\/merkur-de-gap\/wunde-im-ortsbild-von-garmisch-partenkirchen-wird-geschlossen-93152033-html-18265\/"},"modified":"2024-06-26T12:00:00","modified_gmt":"2024-06-26T10:00:00","slug":"wunde-im-ortsbild-von-garmisch-partenkirchen-wird-geschlossen-93152033-html","status":"publish","type":"post","link":"http:\/\/cms.mtsomnii.de\/w7\/merkur-de-gap\/wunde-im-ortsbild-von-garmisch-partenkirchen-wird-geschlossen-93152033-html-18265\/","title":{"rendered":"\u201eWunde im Ortsbild\u201c wird geschlossen: Ersatzbau f\u00fcr Haus Hohenleitner"},"content":{"rendered":"<div>Das Haus Hohenleitner ist l\u00e4ngst Geschichte. Mittlerweile herrscht auf dem Areal an der F\u00fcrstenstra\u00dfe im Ortsteil Garmisch rege Betriebsamkeit. Noch werden die Pf\u00e4hle an den Grundst\u00fccksgrenzen eingesetzt. Ziel der Bauherren ist es, zum Jahresende das Dach auf den beiden neu geplanten Wohnh\u00e4usern sitzen zu haben.<\/div>\n","protected":false},"excerpt":{"rendered":"<p>Das Haus Hohenleitner ist l\u00e4ngst Geschichte. Mittlerweile herrscht auf dem Areal an der F\u00fcrstenstra\u00dfe im Ortsteil Garmisch rege Betriebsamkeit. Noch werden die Pf\u00e4hle an den Grundst\u00fccksgrenzen eingesetzt. Ziel der Bauherren ist es, zum Jahresende das Dach auf den beiden neu geplanten Wohnh\u00e4usern sitzen zu haben.<\/p>\n","protected":false},"author":5,"featured_media":0,"comment_status":"closed","ping_status":"open","sticky":false,"template":"","format":"standard","meta":[],"categories":[5],"tags":[],"_links":{"self":[{"href":"http:\/\/cms.mtsomnii.de\/w7\/wp-json\/wp\/v2\/posts\/18265"}],"collection":[{"href":"http:\/\/cms.mtsomnii.de\/w7\/wp-json\/wp\/v2\/posts"}],"about":[{"href":"http:\/\/cms.mtsomnii.de\/w7\/wp-json\/wp\/v2\/types\/post"}],"author":[{"embeddable":true,"href":"http:\/\/cms.mtsomnii.de\/w7\/wp-json\/wp\/v2\/users\/5"}],"replies":[{"embeddable":true,"href":"http:\/\/cms.mtsomnii.de\/w7\/wp-json\/wp\/v2\/comments?post=18265"}],"version-history":[{"count":0,"href":"http:\/\/cms.mtsomnii.de\/w7\/wp-json\/wp\/v2\/posts\/18265\/revisions"}],"wp:attachment":[{"href":"http:\/\/cms.mtsomnii.de\/w7\/wp-json\/wp\/v2\/media?parent=18265"}],"wp:term":[{"taxonomy":"category","embeddable":true,"href":"http:\/\/cms.mtsomnii.de\/w7\/wp-json\/wp\/v2\/categories?post=18265"},{"taxonomy":"post_tag","embeddable":true,"href":"http:\/\/cms.mtsomnii.de\/w7\/wp-json\/wp\/v2\/tags?post=18265"}],"curies":[{"name":"wp","href":"https:\/\/api.w.org\/{rel}","templated":true}]}}