{"id":18267,"date":"2024-06-26T12:16:23","date_gmt":"2024-06-26T10:16:23","guid":{"rendered":"http:\/\/cms.mtsomnii.de\/w7\/merkur-de-gap\/finale-entscheidung-marktgemeinderat-garmisch-partenkirchen-erhoeht-kita-gebuehren-93152110-html-2-18267\/"},"modified":"2024-06-26T12:16:23","modified_gmt":"2024-06-26T10:16:23","slug":"finale-entscheidung-marktgemeinderat-garmisch-partenkirchen-erhoeht-kita-gebuehren-93152110-html-2","status":"publish","type":"post","link":"http:\/\/cms.mtsomnii.de\/w7\/merkur-de-gap\/finale-entscheidung-marktgemeinderat-garmisch-partenkirchen-erhoeht-kita-gebuehren-93152110-html-2-18267\/","title":{"rendered":"Finale Entscheidung: Marktgemeinderat Garmisch-Partenkirchen erh\u00f6ht Kita-Geb\u00fchren"},"content":{"rendered":"<div>Nachdem das Thema der anf\u00e4lligen Erh\u00f6hung der Kinderbetreuungsgeb\u00fchren in den gemeindlichen Einrichtungen zum dritten Mal zur Diskussion stand, hat der Marktgemeinderat in der j\u00fcngsten Sitzung eine Entscheidung gef\u00e4llt. Ab 1. September soll der Vorschlag der Verwaltung umgesetzt werden, durch den sich die Geb\u00fchren \u00fcber die n\u00e4chsten drei Jahre gestaffelt um jeweils 15 Prozent erh\u00f6hen werden.<\/div>\n","protected":false},"excerpt":{"rendered":"<p>Nachdem das Thema der anf\u00e4lligen Erh\u00f6hung der Kinderbetreuungsgeb\u00fchren in den gemeindlichen Einrichtungen zum dritten Mal zur Diskussion stand, hat der Marktgemeinderat in der j\u00fcngsten Sitzung eine Entscheidung gef\u00e4llt. Ab 1. September soll der Vorschlag der Verwaltung umgesetzt werden, durch den sich die Geb\u00fchren \u00fcber die n\u00e4chsten drei Jahre gestaffelt um jeweils 15 Prozent erh\u00f6hen werden.<\/p>\n","protected":false},"author":5,"featured_media":0,"comment_status":"closed","ping_status":"open","sticky":false,"template":"","format":"standard","meta":[],"categories":[5],"tags":[],"_links":{"self":[{"href":"http:\/\/cms.mtsomnii.de\/w7\/wp-json\/wp\/v2\/posts\/18267"}],"collection":[{"href":"http:\/\/cms.mtsomnii.de\/w7\/wp-json\/wp\/v2\/posts"}],"about":[{"href":"http:\/\/cms.mtsomnii.de\/w7\/wp-json\/wp\/v2\/types\/post"}],"author":[{"embeddable":true,"href":"http:\/\/cms.mtsomnii.de\/w7\/wp-json\/wp\/v2\/users\/5"}],"replies":[{"embeddable":true,"href":"http:\/\/cms.mtsomnii.de\/w7\/wp-json\/wp\/v2\/comments?post=18267"}],"version-history":[{"count":0,"href":"http:\/\/cms.mtsomnii.de\/w7\/wp-json\/wp\/v2\/posts\/18267\/revisions"}],"wp:attachment":[{"href":"http:\/\/cms.mtsomnii.de\/w7\/wp-json\/wp\/v2\/media?parent=18267"}],"wp:term":[{"taxonomy":"category","embeddable":true,"href":"http:\/\/cms.mtsomnii.de\/w7\/wp-json\/wp\/v2\/categories?post=18267"},{"taxonomy":"post_tag","embeddable":true,"href":"http:\/\/cms.mtsomnii.de\/w7\/wp-json\/wp\/v2\/tags?post=18267"}],"curies":[{"name":"wp","href":"https:\/\/api.w.org\/{rel}","templated":true}]}}