{"id":18275,"date":"2024-06-27T09:02:57","date_gmt":"2024-06-27T07:02:57","guid":{"rendered":"http:\/\/cms.mtsomnii.de\/w7\/kreisbote-gap\/extremes-unwetter-loest-grosseinsatz-in-ohlstadt-aus-93153928-html-2-18275\/"},"modified":"2024-06-27T09:02:57","modified_gmt":"2024-06-27T07:02:57","slug":"extremes-unwetter-loest-grosseinsatz-in-ohlstadt-aus-93153928-html-2","status":"publish","type":"post","link":"http:\/\/cms.mtsomnii.de\/w7\/kreisbote-gap\/extremes-unwetter-loest-grosseinsatz-in-ohlstadt-aus-93153928-html-2-18275\/","title":{"rendered":"Extremes Unwetter l\u00f6st Gro\u00dfeinsatz in Ohlstadt aus"},"content":{"rendered":"<div>Starker Regen setzte am Mittwoch (26. Juni) die Stra\u00dfen und G\u00e4rten von Ohlstadt unter Wasser. Auch Garagen mussten durch die Feuerwehr Ohlstadt ausgepumpt, und die Stra\u00dfe hinter der Grundschule gesperrt werden.<\/div>\n","protected":false},"excerpt":{"rendered":"<p>Starker Regen setzte am Mittwoch (26. Juni) die Stra\u00dfen und G\u00e4rten von Ohlstadt unter Wasser. Auch Garagen mussten durch die Feuerwehr Ohlstadt ausgepumpt, und die Stra\u00dfe hinter der Grundschule gesperrt werden.<\/p>\n","protected":false},"author":4,"featured_media":0,"comment_status":"closed","ping_status":"open","sticky":false,"template":"","format":"standard","meta":[],"categories":[2],"tags":[],"_links":{"self":[{"href":"http:\/\/cms.mtsomnii.de\/w7\/wp-json\/wp\/v2\/posts\/18275"}],"collection":[{"href":"http:\/\/cms.mtsomnii.de\/w7\/wp-json\/wp\/v2\/posts"}],"about":[{"href":"http:\/\/cms.mtsomnii.de\/w7\/wp-json\/wp\/v2\/types\/post"}],"author":[{"embeddable":true,"href":"http:\/\/cms.mtsomnii.de\/w7\/wp-json\/wp\/v2\/users\/4"}],"replies":[{"embeddable":true,"href":"http:\/\/cms.mtsomnii.de\/w7\/wp-json\/wp\/v2\/comments?post=18275"}],"version-history":[{"count":0,"href":"http:\/\/cms.mtsomnii.de\/w7\/wp-json\/wp\/v2\/posts\/18275\/revisions"}],"wp:attachment":[{"href":"http:\/\/cms.mtsomnii.de\/w7\/wp-json\/wp\/v2\/media?parent=18275"}],"wp:term":[{"taxonomy":"category","embeddable":true,"href":"http:\/\/cms.mtsomnii.de\/w7\/wp-json\/wp\/v2\/categories?post=18275"},{"taxonomy":"post_tag","embeddable":true,"href":"http:\/\/cms.mtsomnii.de\/w7\/wp-json\/wp\/v2\/tags?post=18275"}],"curies":[{"name":"wp","href":"https:\/\/api.w.org\/{rel}","templated":true}]}}