{"id":18299,"date":"2024-06-29T07:30:00","date_gmt":"2024-06-29T05:30:00","guid":{"rendered":"http:\/\/cms.mtsomnii.de\/w7\/merkur-de-gap\/spd-garmisch-geht-mit-doppelspitze-in-die-zukunft-93157993-html-18299\/"},"modified":"2024-06-29T07:30:00","modified_gmt":"2024-06-29T05:30:00","slug":"spd-garmisch-geht-mit-doppelspitze-in-die-zukunft-93157993-html","status":"publish","type":"post","link":"http:\/\/cms.mtsomnii.de\/w7\/merkur-de-gap\/spd-garmisch-geht-mit-doppelspitze-in-die-zukunft-93157993-html-18299\/","title":{"rendered":"SPD Garmisch-Partenkirchen stellt sich neu auf: Mit Doppelspitze Wenke\/Jentsch in die Zukunft"},"content":{"rendered":"<div>Michael Simon tritt wie angek\u00fcndigt von seinem Amt als Ortsvorsitzender der SPD zur\u00fcck. Die steht vor einigen Herausforderungen in der nahen Zukunft. Im Herbst sollen die Weichen f\u00fcr die Kommunalwahl 2026 gestellt werden.<\/div>\n","protected":false},"excerpt":{"rendered":"<p>Michael Simon tritt wie angek\u00fcndigt von seinem Amt als Ortsvorsitzender der SPD zur\u00fcck. Die steht vor einigen Herausforderungen in der nahen Zukunft. Im Herbst sollen die Weichen f\u00fcr die Kommunalwahl 2026 gestellt werden.<\/p>\n","protected":false},"author":5,"featured_media":0,"comment_status":"closed","ping_status":"open","sticky":false,"template":"","format":"standard","meta":[],"categories":[5],"tags":[],"_links":{"self":[{"href":"http:\/\/cms.mtsomnii.de\/w7\/wp-json\/wp\/v2\/posts\/18299"}],"collection":[{"href":"http:\/\/cms.mtsomnii.de\/w7\/wp-json\/wp\/v2\/posts"}],"about":[{"href":"http:\/\/cms.mtsomnii.de\/w7\/wp-json\/wp\/v2\/types\/post"}],"author":[{"embeddable":true,"href":"http:\/\/cms.mtsomnii.de\/w7\/wp-json\/wp\/v2\/users\/5"}],"replies":[{"embeddable":true,"href":"http:\/\/cms.mtsomnii.de\/w7\/wp-json\/wp\/v2\/comments?post=18299"}],"version-history":[{"count":0,"href":"http:\/\/cms.mtsomnii.de\/w7\/wp-json\/wp\/v2\/posts\/18299\/revisions"}],"wp:attachment":[{"href":"http:\/\/cms.mtsomnii.de\/w7\/wp-json\/wp\/v2\/media?parent=18299"}],"wp:term":[{"taxonomy":"category","embeddable":true,"href":"http:\/\/cms.mtsomnii.de\/w7\/wp-json\/wp\/v2\/categories?post=18299"},{"taxonomy":"post_tag","embeddable":true,"href":"http:\/\/cms.mtsomnii.de\/w7\/wp-json\/wp\/v2\/tags?post=18299"}],"curies":[{"name":"wp","href":"https:\/\/api.w.org\/{rel}","templated":true}]}}