{"id":18315,"date":"2024-07-03T06:00:00","date_gmt":"2024-07-03T04:00:00","guid":{"rendered":"http:\/\/cms.mtsomnii.de\/w7\/merkur-de-gap\/unwetterschaeden-strasse-zum-plansee-bei-grainau-zerstoert-93164682-html-18315\/"},"modified":"2024-07-03T06:00:00","modified_gmt":"2024-07-03T04:00:00","slug":"unwetterschaeden-strasse-zum-plansee-bei-grainau-zerstoert-93164682-html","status":"publish","type":"post","link":"http:\/\/cms.mtsomnii.de\/w7\/merkur-de-gap\/unwetterschaeden-strasse-zum-plansee-bei-grainau-zerstoert-93164682-html-18315\/","title":{"rendered":"Kleiner Bach, gro\u00dfer \u00c4rger: Beliebte Stra\u00dfe zum Plansee \u00fcberschwemmt und weggerissen"},"content":{"rendered":"<div>Die schweren unwetterartigen Regenf\u00e4lle haben auch an der Neidernach hinter Griesen Spuren hinterlassen. Dort ist die bei Ausfl\u00fcglern beliebte Stra\u00dfe zum Plansee an einer Stelle zerst\u00f6rt worden.<\/div>\n","protected":false},"excerpt":{"rendered":"<p>Die schweren unwetterartigen Regenf\u00e4lle haben auch an der Neidernach hinter Griesen Spuren hinterlassen. Dort ist die bei Ausfl\u00fcglern beliebte Stra\u00dfe zum Plansee an einer Stelle zerst\u00f6rt worden.<\/p>\n","protected":false},"author":5,"featured_media":0,"comment_status":"closed","ping_status":"open","sticky":false,"template":"","format":"standard","meta":[],"categories":[5],"tags":[],"_links":{"self":[{"href":"http:\/\/cms.mtsomnii.de\/w7\/wp-json\/wp\/v2\/posts\/18315"}],"collection":[{"href":"http:\/\/cms.mtsomnii.de\/w7\/wp-json\/wp\/v2\/posts"}],"about":[{"href":"http:\/\/cms.mtsomnii.de\/w7\/wp-json\/wp\/v2\/types\/post"}],"author":[{"embeddable":true,"href":"http:\/\/cms.mtsomnii.de\/w7\/wp-json\/wp\/v2\/users\/5"}],"replies":[{"embeddable":true,"href":"http:\/\/cms.mtsomnii.de\/w7\/wp-json\/wp\/v2\/comments?post=18315"}],"version-history":[{"count":0,"href":"http:\/\/cms.mtsomnii.de\/w7\/wp-json\/wp\/v2\/posts\/18315\/revisions"}],"wp:attachment":[{"href":"http:\/\/cms.mtsomnii.de\/w7\/wp-json\/wp\/v2\/media?parent=18315"}],"wp:term":[{"taxonomy":"category","embeddable":true,"href":"http:\/\/cms.mtsomnii.de\/w7\/wp-json\/wp\/v2\/categories?post=18315"},{"taxonomy":"post_tag","embeddable":true,"href":"http:\/\/cms.mtsomnii.de\/w7\/wp-json\/wp\/v2\/tags?post=18315"}],"curies":[{"name":"wp","href":"https:\/\/api.w.org\/{rel}","templated":true}]}}