{"id":18326,"date":"2024-07-04T18:07:42","date_gmt":"2024-07-04T16:07:42","guid":{"rendered":"http:\/\/cms.mtsomnii.de\/w7\/merkur-de-gap\/deponie-hinter-friedhof-oesterreichische-gemeinde-protestiert-93169048-html-18326\/"},"modified":"2024-07-04T18:07:42","modified_gmt":"2024-07-04T16:07:42","slug":"deponie-hinter-friedhof-oesterreichische-gemeinde-protestiert-93169048-html","status":"publish","type":"post","link":"http:\/\/cms.mtsomnii.de\/w7\/merkur-de-gap\/deponie-hinter-friedhof-oesterreichische-gemeinde-protestiert-93169048-html-18326\/","title":{"rendered":"Deponie direkt hinter Friedhof geplant: Gemeinde in \u00d6sterreich geht auf die Barrikaden"},"content":{"rendered":"<div>Aufregung in Scharnitz: Hinter dem Waldfriedhof soll eine Bodenaushubdeponie entstehen. Anwohner sorgen sich um das Ortsbild, f\u00fcrchten Staub- und L\u00e4rmbel\u00e4stigung.<\/div>\n","protected":false},"excerpt":{"rendered":"<p>Aufregung in Scharnitz: Hinter dem Waldfriedhof soll eine Bodenaushubdeponie entstehen. Anwohner sorgen sich um das Ortsbild, f\u00fcrchten Staub- und L\u00e4rmbel\u00e4stigung.<\/p>\n","protected":false},"author":5,"featured_media":0,"comment_status":"closed","ping_status":"open","sticky":false,"template":"","format":"standard","meta":[],"categories":[5],"tags":[],"_links":{"self":[{"href":"http:\/\/cms.mtsomnii.de\/w7\/wp-json\/wp\/v2\/posts\/18326"}],"collection":[{"href":"http:\/\/cms.mtsomnii.de\/w7\/wp-json\/wp\/v2\/posts"}],"about":[{"href":"http:\/\/cms.mtsomnii.de\/w7\/wp-json\/wp\/v2\/types\/post"}],"author":[{"embeddable":true,"href":"http:\/\/cms.mtsomnii.de\/w7\/wp-json\/wp\/v2\/users\/5"}],"replies":[{"embeddable":true,"href":"http:\/\/cms.mtsomnii.de\/w7\/wp-json\/wp\/v2\/comments?post=18326"}],"version-history":[{"count":0,"href":"http:\/\/cms.mtsomnii.de\/w7\/wp-json\/wp\/v2\/posts\/18326\/revisions"}],"wp:attachment":[{"href":"http:\/\/cms.mtsomnii.de\/w7\/wp-json\/wp\/v2\/media?parent=18326"}],"wp:term":[{"taxonomy":"category","embeddable":true,"href":"http:\/\/cms.mtsomnii.de\/w7\/wp-json\/wp\/v2\/categories?post=18326"},{"taxonomy":"post_tag","embeddable":true,"href":"http:\/\/cms.mtsomnii.de\/w7\/wp-json\/wp\/v2\/tags?post=18326"}],"curies":[{"name":"wp","href":"https:\/\/api.w.org\/{rel}","templated":true}]}}