{"id":18327,"date":"2024-07-04T19:00:00","date_gmt":"2024-07-04T17:00:00","guid":{"rendered":"http:\/\/cms.mtsomnii.de\/w7\/merkur-de-gap\/dreisam-und-deerisch-feiern-in-garmisch-partenkirchen-geburtstag-93167986-html-18327\/"},"modified":"2024-07-04T19:00:00","modified_gmt":"2024-07-04T17:00:00","slug":"dreisam-und-deerisch-feiern-in-garmisch-partenkirchen-geburtstag-93167986-html","status":"publish","type":"post","link":"http:\/\/cms.mtsomnii.de\/w7\/merkur-de-gap\/dreisam-und-deerisch-feiern-in-garmisch-partenkirchen-geburtstag-93167986-html-18327\/","title":{"rendered":"Zwei Bands feiern Geburtstag: Dreisam und Deerisch spielen im Michael-Ende-Kurpark"},"content":{"rendered":"<div>Es ist eine Premiere, der Dreisam Live und Deerisch schon lange entgegenfiebern. Im Rahmen von GaPa Live feiern die beiden Bands am Donnerstag, 11. Juli, ihre runden Geburtstage und wollen auch etwas zur\u00fcckgeben. Der Erl\u00f6s des Abends flie\u00dft an die Elterninitiative Intern 3 und kommt somit krebskranken Kindern sowie deren Familien zugute.<\/div>\n","protected":false},"excerpt":{"rendered":"<p>Es ist eine Premiere, der Dreisam Live und Deerisch schon lange entgegenfiebern. Im Rahmen von GaPa Live feiern die beiden Bands am Donnerstag, 11. Juli, ihre runden Geburtstage und wollen auch etwas zur\u00fcckgeben. Der Erl\u00f6s des Abends flie\u00dft an die Elterninitiative Intern 3 und kommt somit krebskranken Kindern sowie deren Familien zugute.<\/p>\n","protected":false},"author":5,"featured_media":0,"comment_status":"closed","ping_status":"open","sticky":false,"template":"","format":"standard","meta":[],"categories":[5],"tags":[],"_links":{"self":[{"href":"http:\/\/cms.mtsomnii.de\/w7\/wp-json\/wp\/v2\/posts\/18327"}],"collection":[{"href":"http:\/\/cms.mtsomnii.de\/w7\/wp-json\/wp\/v2\/posts"}],"about":[{"href":"http:\/\/cms.mtsomnii.de\/w7\/wp-json\/wp\/v2\/types\/post"}],"author":[{"embeddable":true,"href":"http:\/\/cms.mtsomnii.de\/w7\/wp-json\/wp\/v2\/users\/5"}],"replies":[{"embeddable":true,"href":"http:\/\/cms.mtsomnii.de\/w7\/wp-json\/wp\/v2\/comments?post=18327"}],"version-history":[{"count":0,"href":"http:\/\/cms.mtsomnii.de\/w7\/wp-json\/wp\/v2\/posts\/18327\/revisions"}],"wp:attachment":[{"href":"http:\/\/cms.mtsomnii.de\/w7\/wp-json\/wp\/v2\/media?parent=18327"}],"wp:term":[{"taxonomy":"category","embeddable":true,"href":"http:\/\/cms.mtsomnii.de\/w7\/wp-json\/wp\/v2\/categories?post=18327"},{"taxonomy":"post_tag","embeddable":true,"href":"http:\/\/cms.mtsomnii.de\/w7\/wp-json\/wp\/v2\/tags?post=18327"}],"curies":[{"name":"wp","href":"https:\/\/api.w.org\/{rel}","templated":true}]}}