{"id":18491,"date":"2024-07-26T08:32:00","date_gmt":"2024-07-26T06:32:00","guid":{"rendered":"http:\/\/cms.mtsomnii.de\/w7\/merkur-de-gap\/verkehrschaos-stau-im-oberauer-tunnel-sorgt-fuer-aufregung-93207651-html-18491\/"},"modified":"2024-07-26T08:32:00","modified_gmt":"2024-07-26T06:32:00","slug":"verkehrschaos-stau-im-oberauer-tunnel-sorgt-fuer-aufregung-93207651-html","status":"publish","type":"post","link":"http:\/\/cms.mtsomnii.de\/w7\/merkur-de-gap\/verkehrschaos-stau-im-oberauer-tunnel-sorgt-fuer-aufregung-93207651-html-18491\/","title":{"rendered":"Verkehrschaos: Stau im Oberauer Tunnel sorgt f\u00fcr Aufregung"},"content":{"rendered":"<div>Ein Vorfall im Tunnel Oberau sorgt im Nachgang f\u00fcr \u00c4rger: Zahlreiche Fahrzeuge stehen mehr als 20 Minuten in der R\u00f6hre im Stau.<\/div>\n","protected":false},"excerpt":{"rendered":"<p>Ein Vorfall im Tunnel Oberau sorgt im Nachgang f\u00fcr \u00c4rger: Zahlreiche Fahrzeuge stehen mehr als 20 Minuten in der R\u00f6hre im Stau.<\/p>\n","protected":false},"author":5,"featured_media":0,"comment_status":"closed","ping_status":"open","sticky":false,"template":"","format":"standard","meta":[],"categories":[5],"tags":[],"_links":{"self":[{"href":"http:\/\/cms.mtsomnii.de\/w7\/wp-json\/wp\/v2\/posts\/18491"}],"collection":[{"href":"http:\/\/cms.mtsomnii.de\/w7\/wp-json\/wp\/v2\/posts"}],"about":[{"href":"http:\/\/cms.mtsomnii.de\/w7\/wp-json\/wp\/v2\/types\/post"}],"author":[{"embeddable":true,"href":"http:\/\/cms.mtsomnii.de\/w7\/wp-json\/wp\/v2\/users\/5"}],"replies":[{"embeddable":true,"href":"http:\/\/cms.mtsomnii.de\/w7\/wp-json\/wp\/v2\/comments?post=18491"}],"version-history":[{"count":0,"href":"http:\/\/cms.mtsomnii.de\/w7\/wp-json\/wp\/v2\/posts\/18491\/revisions"}],"wp:attachment":[{"href":"http:\/\/cms.mtsomnii.de\/w7\/wp-json\/wp\/v2\/media?parent=18491"}],"wp:term":[{"taxonomy":"category","embeddable":true,"href":"http:\/\/cms.mtsomnii.de\/w7\/wp-json\/wp\/v2\/categories?post=18491"},{"taxonomy":"post_tag","embeddable":true,"href":"http:\/\/cms.mtsomnii.de\/w7\/wp-json\/wp\/v2\/tags?post=18491"}],"curies":[{"name":"wp","href":"https:\/\/api.w.org\/{rel}","templated":true}]}}