{"id":18492,"date":"2024-07-26T10:14:26","date_gmt":"2024-07-26T08:14:26","guid":{"rendered":"http:\/\/cms.mtsomnii.de\/w7\/merkur-de-gap\/causa-achner-wieder-auf-dem-tisch-neuer-beschluss-fuer-kieswerk-expansion-noetig-93208325-html-18492\/"},"modified":"2024-07-26T10:14:26","modified_gmt":"2024-07-26T08:14:26","slug":"causa-achner-wieder-auf-dem-tisch-neuer-beschluss-fuer-kieswerk-expansion-noetig-93208325-html","status":"publish","type":"post","link":"http:\/\/cms.mtsomnii.de\/w7\/merkur-de-gap\/causa-achner-wieder-auf-dem-tisch-neuer-beschluss-fuer-kieswerk-expansion-noetig-93208325-html-18492\/","title":{"rendered":"Causa Achner pl\u00f6tzlich wieder auf dem Tisch: Neuer Beschluss f\u00fcr Kieswerk-Expansion n\u00f6tig"},"content":{"rendered":"<div>Vor \u00fcber vier Jahren haben die Gemeinden Wallgau und Kr\u00fcn beschlossen: Das Kieswerk Achner darf nach S\u00fcden expandieren. Nun kommt die Causa erneut auf den Tisch.<\/div>\n","protected":false},"excerpt":{"rendered":"<p>Vor \u00fcber vier Jahren haben die Gemeinden Wallgau und Kr\u00fcn beschlossen: Das Kieswerk Achner darf nach S\u00fcden expandieren. Nun kommt die Causa erneut auf den Tisch.<\/p>\n","protected":false},"author":5,"featured_media":0,"comment_status":"closed","ping_status":"open","sticky":false,"template":"","format":"standard","meta":[],"categories":[5],"tags":[],"_links":{"self":[{"href":"http:\/\/cms.mtsomnii.de\/w7\/wp-json\/wp\/v2\/posts\/18492"}],"collection":[{"href":"http:\/\/cms.mtsomnii.de\/w7\/wp-json\/wp\/v2\/posts"}],"about":[{"href":"http:\/\/cms.mtsomnii.de\/w7\/wp-json\/wp\/v2\/types\/post"}],"author":[{"embeddable":true,"href":"http:\/\/cms.mtsomnii.de\/w7\/wp-json\/wp\/v2\/users\/5"}],"replies":[{"embeddable":true,"href":"http:\/\/cms.mtsomnii.de\/w7\/wp-json\/wp\/v2\/comments?post=18492"}],"version-history":[{"count":0,"href":"http:\/\/cms.mtsomnii.de\/w7\/wp-json\/wp\/v2\/posts\/18492\/revisions"}],"wp:attachment":[{"href":"http:\/\/cms.mtsomnii.de\/w7\/wp-json\/wp\/v2\/media?parent=18492"}],"wp:term":[{"taxonomy":"category","embeddable":true,"href":"http:\/\/cms.mtsomnii.de\/w7\/wp-json\/wp\/v2\/categories?post=18492"},{"taxonomy":"post_tag","embeddable":true,"href":"http:\/\/cms.mtsomnii.de\/w7\/wp-json\/wp\/v2\/tags?post=18492"}],"curies":[{"name":"wp","href":"https:\/\/api.w.org\/{rel}","templated":true}]}}