{"id":18498,"date":"2024-07-27T07:30:00","date_gmt":"2024-07-27T05:30:00","guid":{"rendered":"http:\/\/cms.mtsomnii.de\/w7\/merkur-de-gap\/im-landkreis-garmisch-partenkirchen-blitzt-besonders-oft-93209737-html-18498\/"},"modified":"2024-07-27T07:30:00","modified_gmt":"2024-07-27T05:30:00","slug":"im-landkreis-garmisch-partenkirchen-blitzt-besonders-oft-93209737-html","status":"publish","type":"post","link":"http:\/\/cms.mtsomnii.de\/w7\/merkur-de-gap\/im-landkreis-garmisch-partenkirchen-blitzt-besonders-oft-93209737-html-18498\/","title":{"rendered":"Im Landkreis blitzt\u2018s besonders oft: Die Gefahr aus dem Himmel"},"content":{"rendered":"<div>Im Landkreis gibt es besonders viele Blitze, das zeigt die Statistik. Ihre Gefahr darf man nicht untersch\u00e4tzen, das zeigt eine Trag\u00f6die: Nahe dem Zugspitz-Gipfel verlor ein junger Mann k\u00fcrzlich sein Leben. Gerade im Gebirge stellen Gewitter ein gro\u00dfes Risiko da.<\/div>\n","protected":false},"excerpt":{"rendered":"<p>Im Landkreis gibt es besonders viele Blitze, das zeigt die Statistik. Ihre Gefahr darf man nicht untersch\u00e4tzen, das zeigt eine Trag\u00f6die: Nahe dem Zugspitz-Gipfel verlor ein junger Mann k\u00fcrzlich sein Leben. Gerade im Gebirge stellen Gewitter ein gro\u00dfes Risiko da.<\/p>\n","protected":false},"author":5,"featured_media":0,"comment_status":"closed","ping_status":"open","sticky":false,"template":"","format":"standard","meta":[],"categories":[5],"tags":[],"_links":{"self":[{"href":"http:\/\/cms.mtsomnii.de\/w7\/wp-json\/wp\/v2\/posts\/18498"}],"collection":[{"href":"http:\/\/cms.mtsomnii.de\/w7\/wp-json\/wp\/v2\/posts"}],"about":[{"href":"http:\/\/cms.mtsomnii.de\/w7\/wp-json\/wp\/v2\/types\/post"}],"author":[{"embeddable":true,"href":"http:\/\/cms.mtsomnii.de\/w7\/wp-json\/wp\/v2\/users\/5"}],"replies":[{"embeddable":true,"href":"http:\/\/cms.mtsomnii.de\/w7\/wp-json\/wp\/v2\/comments?post=18498"}],"version-history":[{"count":0,"href":"http:\/\/cms.mtsomnii.de\/w7\/wp-json\/wp\/v2\/posts\/18498\/revisions"}],"wp:attachment":[{"href":"http:\/\/cms.mtsomnii.de\/w7\/wp-json\/wp\/v2\/media?parent=18498"}],"wp:term":[{"taxonomy":"category","embeddable":true,"href":"http:\/\/cms.mtsomnii.de\/w7\/wp-json\/wp\/v2\/categories?post=18498"},{"taxonomy":"post_tag","embeddable":true,"href":"http:\/\/cms.mtsomnii.de\/w7\/wp-json\/wp\/v2\/tags?post=18498"}],"curies":[{"name":"wp","href":"https:\/\/api.w.org\/{rel}","templated":true}]}}