{"id":18513,"date":"2024-07-27T08:00:00","date_gmt":"2024-07-27T06:00:00","guid":{"rendered":"http:\/\/cms.mtsomnii.de\/w7\/merkur-de-gap\/bozner-markt-in-mittenwald-bald-kommt-zum-schwur-93209578-html-2-18513\/"},"modified":"2024-07-27T08:00:00","modified_gmt":"2024-07-27T06:00:00","slug":"bozner-markt-in-mittenwald-bald-kommt-zum-schwur-93209578-html-2","status":"publish","type":"post","link":"http:\/\/cms.mtsomnii.de\/w7\/merkur-de-gap\/bozner-markt-in-mittenwald-bald-kommt-zum-schwur-93209578-html-2-18513\/","title":{"rendered":"Bozner Markt: Im September kommt\u2018s zum Schwur"},"content":{"rendered":"<div>Der geplante Bozner Markt 2026 k\u00f6nnte f\u00fcr den Mittenwalder Steuerzahler noch teurer werden, als ohnehin schon bef\u00fcrchtet. Nun geistert ein Defizit im sehr hohen sechsstelligen Bereich durch den Ort. Die Marktgemeinder\u00e4te d\u00fcrfen nun die Sommerpause zur intensiven Klausur nutzen. Denn im Herbst sch\u00e4gt die Stunde der Wahrheit.<\/div>\n","protected":false},"excerpt":{"rendered":"<p>Der geplante Bozner Markt 2026 k\u00f6nnte f\u00fcr den Mittenwalder Steuerzahler noch teurer werden, als ohnehin schon bef\u00fcrchtet. Nun geistert ein Defizit im sehr hohen sechsstelligen Bereich durch den Ort. Die Marktgemeinder\u00e4te d\u00fcrfen nun die Sommerpause zur intensiven Klausur nutzen. Denn im Herbst sch\u00e4gt die Stunde der Wahrheit.<\/p>\n","protected":false},"author":5,"featured_media":0,"comment_status":"closed","ping_status":"open","sticky":false,"template":"","format":"standard","meta":[],"categories":[5],"tags":[],"_links":{"self":[{"href":"http:\/\/cms.mtsomnii.de\/w7\/wp-json\/wp\/v2\/posts\/18513"}],"collection":[{"href":"http:\/\/cms.mtsomnii.de\/w7\/wp-json\/wp\/v2\/posts"}],"about":[{"href":"http:\/\/cms.mtsomnii.de\/w7\/wp-json\/wp\/v2\/types\/post"}],"author":[{"embeddable":true,"href":"http:\/\/cms.mtsomnii.de\/w7\/wp-json\/wp\/v2\/users\/5"}],"replies":[{"embeddable":true,"href":"http:\/\/cms.mtsomnii.de\/w7\/wp-json\/wp\/v2\/comments?post=18513"}],"version-history":[{"count":0,"href":"http:\/\/cms.mtsomnii.de\/w7\/wp-json\/wp\/v2\/posts\/18513\/revisions"}],"wp:attachment":[{"href":"http:\/\/cms.mtsomnii.de\/w7\/wp-json\/wp\/v2\/media?parent=18513"}],"wp:term":[{"taxonomy":"category","embeddable":true,"href":"http:\/\/cms.mtsomnii.de\/w7\/wp-json\/wp\/v2\/categories?post=18513"},{"taxonomy":"post_tag","embeddable":true,"href":"http:\/\/cms.mtsomnii.de\/w7\/wp-json\/wp\/v2\/tags?post=18513"}],"curies":[{"name":"wp","href":"https:\/\/api.w.org\/{rel}","templated":true}]}}