{"id":18531,"date":"2024-07-29T11:00:00","date_gmt":"2024-07-29T09:00:00","guid":{"rendered":"http:\/\/cms.mtsomnii.de\/w7\/merkur-de-gap\/startschuss-fuer-altenpflegeschule-in-garmisch-partenkirchen-ein-einzigartiges-projekt-93212587-html-3-18531\/"},"modified":"2024-07-29T11:00:00","modified_gmt":"2024-07-29T09:00:00","slug":"startschuss-fuer-altenpflegeschule-in-garmisch-partenkirchen-ein-einzigartiges-projekt-93212587-html-3","status":"publish","type":"post","link":"http:\/\/cms.mtsomnii.de\/w7\/merkur-de-gap\/startschuss-fuer-altenpflegeschule-in-garmisch-partenkirchen-ein-einzigartiges-projekt-93212587-html-3-18531\/","title":{"rendered":"Startschuss f\u00fcr Altenpflegeschule in Garmisch-Partenkirchen: Ein \u201eeinzigartiges Projekt\u201c"},"content":{"rendered":"<div>Der Campus steht bislang nur auf dem Papier. Die Umsetzung dauert. Darauf wartet die Caritas aber nicht und startet schon jetzt ihre Berufsfachschule f\u00fcr Altenpflegehilfe in Garmisch-Partenkirchen. Zum Schuljahresbeginn im September stehen dort 27 Pl\u00e4tze zur Verf\u00fcgung.<\/div>\n","protected":false},"excerpt":{"rendered":"<p>Der Campus steht bislang nur auf dem Papier. Die Umsetzung dauert. Darauf wartet die Caritas aber nicht und startet schon jetzt ihre Berufsfachschule f\u00fcr Altenpflegehilfe in Garmisch-Partenkirchen. Zum Schuljahresbeginn im September stehen dort 27 Pl\u00e4tze zur Verf\u00fcgung.<\/p>\n","protected":false},"author":5,"featured_media":0,"comment_status":"closed","ping_status":"open","sticky":false,"template":"","format":"standard","meta":[],"categories":[5],"tags":[],"_links":{"self":[{"href":"http:\/\/cms.mtsomnii.de\/w7\/wp-json\/wp\/v2\/posts\/18531"}],"collection":[{"href":"http:\/\/cms.mtsomnii.de\/w7\/wp-json\/wp\/v2\/posts"}],"about":[{"href":"http:\/\/cms.mtsomnii.de\/w7\/wp-json\/wp\/v2\/types\/post"}],"author":[{"embeddable":true,"href":"http:\/\/cms.mtsomnii.de\/w7\/wp-json\/wp\/v2\/users\/5"}],"replies":[{"embeddable":true,"href":"http:\/\/cms.mtsomnii.de\/w7\/wp-json\/wp\/v2\/comments?post=18531"}],"version-history":[{"count":0,"href":"http:\/\/cms.mtsomnii.de\/w7\/wp-json\/wp\/v2\/posts\/18531\/revisions"}],"wp:attachment":[{"href":"http:\/\/cms.mtsomnii.de\/w7\/wp-json\/wp\/v2\/media?parent=18531"}],"wp:term":[{"taxonomy":"category","embeddable":true,"href":"http:\/\/cms.mtsomnii.de\/w7\/wp-json\/wp\/v2\/categories?post=18531"},{"taxonomy":"post_tag","embeddable":true,"href":"http:\/\/cms.mtsomnii.de\/w7\/wp-json\/wp\/v2\/tags?post=18531"}],"curies":[{"name":"wp","href":"https:\/\/api.w.org\/{rel}","templated":true}]}}