{"id":18551,"date":"2024-07-31T11:11:44","date_gmt":"2024-07-31T09:11:44","guid":{"rendered":"http:\/\/cms.mtsomnii.de\/w7\/merkur-de-gap\/rudolf-utzschneider-wendet-sich-von-csu-fraktion-ab-93216819-html-18551\/"},"modified":"2024-07-31T11:11:44","modified_gmt":"2024-07-31T09:11:44","slug":"rudolf-utzschneider-wendet-sich-von-csu-fraktion-ab-93216819-html","status":"publish","type":"post","link":"http:\/\/cms.mtsomnii.de\/w7\/merkur-de-gap\/rudolf-utzschneider-wendet-sich-von-csu-fraktion-ab-93216819-html-18551\/","title":{"rendered":"Rudolf Utzschneider erkl\u00e4rt R\u00fccktritt aus der CSU-Fraktion im Kreistag"},"content":{"rendered":"<div>Landkreis \u2013 Der Murnauer Politiker Rudolf Utzschneider gibt seinen sofortigen R\u00fccktritt aus der CSU-Fraktion im Kreistag bekannt. Der Grund hierf\u00fcr sind \u00f6ffentliche Vorgehensweisen und Aussagen anderer Fraktionsmitglieder, von denen Utzschneider in der Zeitung \u00fcberrascht wurde.<\/div>\n","protected":false},"excerpt":{"rendered":"<p>Landkreis \u2013 Der Murnauer Politiker Rudolf Utzschneider gibt seinen sofortigen R\u00fccktritt aus der CSU-Fraktion im Kreistag bekannt. Der Grund hierf\u00fcr sind \u00f6ffentliche Vorgehensweisen und Aussagen anderer Fraktionsmitglieder, von denen Utzschneider in der Zeitung \u00fcberrascht wurde.<\/p>\n","protected":false},"author":5,"featured_media":0,"comment_status":"closed","ping_status":"open","sticky":false,"template":"","format":"standard","meta":[],"categories":[5],"tags":[],"_links":{"self":[{"href":"http:\/\/cms.mtsomnii.de\/w7\/wp-json\/wp\/v2\/posts\/18551"}],"collection":[{"href":"http:\/\/cms.mtsomnii.de\/w7\/wp-json\/wp\/v2\/posts"}],"about":[{"href":"http:\/\/cms.mtsomnii.de\/w7\/wp-json\/wp\/v2\/types\/post"}],"author":[{"embeddable":true,"href":"http:\/\/cms.mtsomnii.de\/w7\/wp-json\/wp\/v2\/users\/5"}],"replies":[{"embeddable":true,"href":"http:\/\/cms.mtsomnii.de\/w7\/wp-json\/wp\/v2\/comments?post=18551"}],"version-history":[{"count":0,"href":"http:\/\/cms.mtsomnii.de\/w7\/wp-json\/wp\/v2\/posts\/18551\/revisions"}],"wp:attachment":[{"href":"http:\/\/cms.mtsomnii.de\/w7\/wp-json\/wp\/v2\/media?parent=18551"}],"wp:term":[{"taxonomy":"category","embeddable":true,"href":"http:\/\/cms.mtsomnii.de\/w7\/wp-json\/wp\/v2\/categories?post=18551"},{"taxonomy":"post_tag","embeddable":true,"href":"http:\/\/cms.mtsomnii.de\/w7\/wp-json\/wp\/v2\/tags?post=18551"}],"curies":[{"name":"wp","href":"https:\/\/api.w.org\/{rel}","templated":true}]}}