{"id":18558,"date":"2024-07-30T08:04:21","date_gmt":"2024-07-30T06:04:21","guid":{"rendered":"http:\/\/cms.mtsomnii.de\/w7\/merkur-de-gap\/innenstadt-freitage-bilanz-murnau-fortfuehrung-einkaufen-termine-programm-projekt-aktionstage-93214371-html-3-18558\/"},"modified":"2024-07-30T08:04:21","modified_gmt":"2024-07-30T06:04:21","slug":"innenstadt-freitage-bilanz-murnau-fortfuehrung-einkaufen-termine-programm-projekt-aktionstage-93214371-html-3","status":"publish","type":"post","link":"http:\/\/cms.mtsomnii.de\/w7\/merkur-de-gap\/innenstadt-freitage-bilanz-murnau-fortfuehrung-einkaufen-termine-programm-projekt-aktionstage-93214371-html-3-18558\/","title":{"rendered":"Erste Bilanz in Murnau: Positiver Eindruck zu Projekt \u201eInnenstadt Freitag\u201c \u2013 Fortf\u00fchrung im Blick"},"content":{"rendered":"<div>In Murnau ist eine erste Bilanz zu den \u201eInnenstadt Freitagen\u201c gezogen worden. Weil das Projekt gut l\u00e4uft, wird schon \u00fcber eine Fortf\u00fchrung gesprochen.<\/div>\n","protected":false},"excerpt":{"rendered":"<p>In Murnau ist eine erste Bilanz zu den \u201eInnenstadt Freitagen\u201c gezogen worden. Weil das Projekt gut l\u00e4uft, wird schon \u00fcber eine Fortf\u00fchrung gesprochen.<\/p>\n","protected":false},"author":5,"featured_media":0,"comment_status":"closed","ping_status":"open","sticky":false,"template":"","format":"standard","meta":[],"categories":[5],"tags":[],"_links":{"self":[{"href":"http:\/\/cms.mtsomnii.de\/w7\/wp-json\/wp\/v2\/posts\/18558"}],"collection":[{"href":"http:\/\/cms.mtsomnii.de\/w7\/wp-json\/wp\/v2\/posts"}],"about":[{"href":"http:\/\/cms.mtsomnii.de\/w7\/wp-json\/wp\/v2\/types\/post"}],"author":[{"embeddable":true,"href":"http:\/\/cms.mtsomnii.de\/w7\/wp-json\/wp\/v2\/users\/5"}],"replies":[{"embeddable":true,"href":"http:\/\/cms.mtsomnii.de\/w7\/wp-json\/wp\/v2\/comments?post=18558"}],"version-history":[{"count":0,"href":"http:\/\/cms.mtsomnii.de\/w7\/wp-json\/wp\/v2\/posts\/18558\/revisions"}],"wp:attachment":[{"href":"http:\/\/cms.mtsomnii.de\/w7\/wp-json\/wp\/v2\/media?parent=18558"}],"wp:term":[{"taxonomy":"category","embeddable":true,"href":"http:\/\/cms.mtsomnii.de\/w7\/wp-json\/wp\/v2\/categories?post=18558"},{"taxonomy":"post_tag","embeddable":true,"href":"http:\/\/cms.mtsomnii.de\/w7\/wp-json\/wp\/v2\/tags?post=18558"}],"curies":[{"name":"wp","href":"https:\/\/api.w.org\/{rel}","templated":true}]}}