{"id":18562,"date":"2024-07-31T12:00:00","date_gmt":"2024-07-31T10:00:00","guid":{"rendered":"http:\/\/cms.mtsomnii.de\/w7\/merkur-de-gap\/waerme-contra-kulturschutz-soll-die-fassadenkunst-an-zentralem-gebaeude-erhalten-bleiben-93215679-html-18562\/"},"modified":"2024-07-31T12:00:00","modified_gmt":"2024-07-31T10:00:00","slug":"waerme-contra-kulturschutz-soll-die-fassadenkunst-an-zentralem-gebaeude-erhalten-bleiben-93215679-html","status":"publish","type":"post","link":"http:\/\/cms.mtsomnii.de\/w7\/merkur-de-gap\/waerme-contra-kulturschutz-soll-die-fassadenkunst-an-zentralem-gebaeude-erhalten-bleiben-93215679-html-18562\/","title":{"rendered":"W\u00e4rme- contra Kulturschutz: Soll die Fassadenkunst an zentralem Geb\u00e4ude erhalten bleiben?"},"content":{"rendered":"<div>An der Dorfstra\u00dfe 3 in Oberammergau steht ein Umbau an, bevor die Ammergauer Alpen GmbH einzieht. Eine D\u00e4mmung f\u00fcr den W\u00e4rmeschutz soll das Geb\u00e4ude bekommen. Nur gef\u00e4hrdet diese die Fassadengestaltung.<\/div>\n","protected":false},"excerpt":{"rendered":"<p>An der Dorfstra\u00dfe 3 in Oberammergau steht ein Umbau an, bevor die Ammergauer Alpen GmbH einzieht. Eine D\u00e4mmung f\u00fcr den W\u00e4rmeschutz soll das Geb\u00e4ude bekommen. Nur gef\u00e4hrdet diese die Fassadengestaltung.<\/p>\n","protected":false},"author":5,"featured_media":0,"comment_status":"closed","ping_status":"open","sticky":false,"template":"","format":"standard","meta":[],"categories":[5],"tags":[],"_links":{"self":[{"href":"http:\/\/cms.mtsomnii.de\/w7\/wp-json\/wp\/v2\/posts\/18562"}],"collection":[{"href":"http:\/\/cms.mtsomnii.de\/w7\/wp-json\/wp\/v2\/posts"}],"about":[{"href":"http:\/\/cms.mtsomnii.de\/w7\/wp-json\/wp\/v2\/types\/post"}],"author":[{"embeddable":true,"href":"http:\/\/cms.mtsomnii.de\/w7\/wp-json\/wp\/v2\/users\/5"}],"replies":[{"embeddable":true,"href":"http:\/\/cms.mtsomnii.de\/w7\/wp-json\/wp\/v2\/comments?post=18562"}],"version-history":[{"count":0,"href":"http:\/\/cms.mtsomnii.de\/w7\/wp-json\/wp\/v2\/posts\/18562\/revisions"}],"wp:attachment":[{"href":"http:\/\/cms.mtsomnii.de\/w7\/wp-json\/wp\/v2\/media?parent=18562"}],"wp:term":[{"taxonomy":"category","embeddable":true,"href":"http:\/\/cms.mtsomnii.de\/w7\/wp-json\/wp\/v2\/categories?post=18562"},{"taxonomy":"post_tag","embeddable":true,"href":"http:\/\/cms.mtsomnii.de\/w7\/wp-json\/wp\/v2\/tags?post=18562"}],"curies":[{"name":"wp","href":"https:\/\/api.w.org\/{rel}","templated":true}]}}