{"id":18566,"date":"2024-07-26T16:00:00","date_gmt":"2024-07-26T14:00:00","guid":{"rendered":"http:\/\/cms.mtsomnii.de\/w7\/kreisbote-gap\/wenn-es-keine-loesung-gibt-warum-der-winteraustrieb-fuer-viele-landwirte-im-landkreis-garmisch-partenkirchen-kaum-umsetzbar-ist-93206581-html-4-18566\/"},"modified":"2024-07-26T16:00:00","modified_gmt":"2024-07-26T14:00:00","slug":"wenn-es-keine-loesung-gibt-warum-der-winteraustrieb-fuer-viele-landwirte-im-landkreis-garmisch-partenkirchen-kaum-umsetzbar-ist-93206581-html-4","status":"publish","type":"post","link":"http:\/\/cms.mtsomnii.de\/w7\/kreisbote-gap\/wenn-es-keine-loesung-gibt-warum-der-winteraustrieb-fuer-viele-landwirte-im-landkreis-garmisch-partenkirchen-kaum-umsetzbar-ist-93206581-html-4-18566\/","title":{"rendered":"Wenn es keine L\u00f6sung gibt: Warum der Winteraustrieb f\u00fcr viele Landwirte im Landkreis Garmisch-Partenkirchen kaum umsetzbar ist"},"content":{"rendered":"<div>Dass die Kombinationshaltung (im Sommer sind die K\u00fche auf der Weide, im Winter angebunden im Stall) wie man sie auch aus dem Landkreis Garmisch-Partenkirchen kennt, f\u00fcr Z\u00fcndstoff in der Bundesregierung und bei Tiersch\u00fctzern sorgt, ist schon lange kein Geheimnis mehr.<\/div>\n","protected":false},"excerpt":{"rendered":"<p>Dass die Kombinationshaltung (im Sommer sind die K\u00fche auf der Weide, im Winter angebunden im Stall) wie man sie auch aus dem Landkreis Garmisch-Partenkirchen kennt, f\u00fcr Z\u00fcndstoff in der Bundesregierung und bei Tiersch\u00fctzern sorgt, ist schon lange kein Geheimnis mehr.<\/p>\n","protected":false},"author":4,"featured_media":0,"comment_status":"closed","ping_status":"open","sticky":false,"template":"","format":"standard","meta":[],"categories":[2],"tags":[],"_links":{"self":[{"href":"http:\/\/cms.mtsomnii.de\/w7\/wp-json\/wp\/v2\/posts\/18566"}],"collection":[{"href":"http:\/\/cms.mtsomnii.de\/w7\/wp-json\/wp\/v2\/posts"}],"about":[{"href":"http:\/\/cms.mtsomnii.de\/w7\/wp-json\/wp\/v2\/types\/post"}],"author":[{"embeddable":true,"href":"http:\/\/cms.mtsomnii.de\/w7\/wp-json\/wp\/v2\/users\/4"}],"replies":[{"embeddable":true,"href":"http:\/\/cms.mtsomnii.de\/w7\/wp-json\/wp\/v2\/comments?post=18566"}],"version-history":[{"count":0,"href":"http:\/\/cms.mtsomnii.de\/w7\/wp-json\/wp\/v2\/posts\/18566\/revisions"}],"wp:attachment":[{"href":"http:\/\/cms.mtsomnii.de\/w7\/wp-json\/wp\/v2\/media?parent=18566"}],"wp:term":[{"taxonomy":"category","embeddable":true,"href":"http:\/\/cms.mtsomnii.de\/w7\/wp-json\/wp\/v2\/categories?post=18566"},{"taxonomy":"post_tag","embeddable":true,"href":"http:\/\/cms.mtsomnii.de\/w7\/wp-json\/wp\/v2\/tags?post=18566"}],"curies":[{"name":"wp","href":"https:\/\/api.w.org\/{rel}","templated":true}]}}