{"id":18585,"date":"2024-07-31T16:10:29","date_gmt":"2024-07-31T14:10:29","guid":{"rendered":"http:\/\/cms.mtsomnii.de\/w7\/merkur-de-gap\/wellenbad-in-garmisch-eroeffnung-als-weihnachtsgeschenk-2025-93217639-html-18585\/"},"modified":"2024-07-31T16:10:29","modified_gmt":"2024-07-31T14:10:29","slug":"wellenbad-in-garmisch-eroeffnung-als-weihnachtsgeschenk-2025-93217639-html","status":"publish","type":"post","link":"http:\/\/cms.mtsomnii.de\/w7\/merkur-de-gap\/wellenbad-in-garmisch-eroeffnung-als-weihnachtsgeschenk-2025-93217639-html-18585\/","title":{"rendered":"Wiederer\u00f6ffnung ein Geschenk zu Weihnachten 2025? Halbzeit bei Wellenbad-Sanierung in Garmisch-Partenkirchen"},"content":{"rendered":"<div>Wie eine Ruine steht das Alpspitz-Wellenbad in Garmisch-Partenkirchen derzeit da. Die Kernsanierung l\u00e4uft seit dem Fr\u00fchjahr 2023. Nun gibt es erste Hoffnungen zur Wiederer\u00f6ffnung.<\/div>\n","protected":false},"excerpt":{"rendered":"<p>Wie eine Ruine steht das Alpspitz-Wellenbad in Garmisch-Partenkirchen derzeit da. Die Kernsanierung l\u00e4uft seit dem Fr\u00fchjahr 2023. Nun gibt es erste Hoffnungen zur Wiederer\u00f6ffnung.<\/p>\n","protected":false},"author":5,"featured_media":0,"comment_status":"closed","ping_status":"open","sticky":false,"template":"","format":"standard","meta":[],"categories":[5],"tags":[],"_links":{"self":[{"href":"http:\/\/cms.mtsomnii.de\/w7\/wp-json\/wp\/v2\/posts\/18585"}],"collection":[{"href":"http:\/\/cms.mtsomnii.de\/w7\/wp-json\/wp\/v2\/posts"}],"about":[{"href":"http:\/\/cms.mtsomnii.de\/w7\/wp-json\/wp\/v2\/types\/post"}],"author":[{"embeddable":true,"href":"http:\/\/cms.mtsomnii.de\/w7\/wp-json\/wp\/v2\/users\/5"}],"replies":[{"embeddable":true,"href":"http:\/\/cms.mtsomnii.de\/w7\/wp-json\/wp\/v2\/comments?post=18585"}],"version-history":[{"count":0,"href":"http:\/\/cms.mtsomnii.de\/w7\/wp-json\/wp\/v2\/posts\/18585\/revisions"}],"wp:attachment":[{"href":"http:\/\/cms.mtsomnii.de\/w7\/wp-json\/wp\/v2\/media?parent=18585"}],"wp:term":[{"taxonomy":"category","embeddable":true,"href":"http:\/\/cms.mtsomnii.de\/w7\/wp-json\/wp\/v2\/categories?post=18585"},{"taxonomy":"post_tag","embeddable":true,"href":"http:\/\/cms.mtsomnii.de\/w7\/wp-json\/wp\/v2\/tags?post=18585"}],"curies":[{"name":"wp","href":"https:\/\/api.w.org\/{rel}","templated":true}]}}