{"id":18591,"date":"2024-08-01T08:00:00","date_gmt":"2024-08-01T06:00:00","guid":{"rendered":"http:\/\/cms.mtsomnii.de\/w7\/merkur-de-gap\/10-jahre-alpentestival-im-herzen-von-garmisch-partenkirchen-93217187-html-2-18591\/"},"modified":"2024-08-01T08:00:00","modified_gmt":"2024-08-01T06:00:00","slug":"10-jahre-alpentestival-im-herzen-von-garmisch-partenkirchen-93217187-html-2","status":"publish","type":"post","link":"http:\/\/cms.mtsomnii.de\/w7\/merkur-de-gap\/10-jahre-alpentestival-im-herzen-von-garmisch-partenkirchen-93217187-html-2-18591\/","title":{"rendered":"10 Jahre AlpenTestival im Herzen von Garmisch-Partenkirchen"},"content":{"rendered":"<div>Von Donnerstag, 1., bis Sonntag, 4. August, verwandelt sich Garmisch-Partenkirchen erneut in ein Eldorado f\u00fcr Outdoor-Enthusiasten, wenn das AlpenTestival sein zehnj\u00e4hriges Jubil\u00e4um feiert.<\/div>\n","protected":false},"excerpt":{"rendered":"<p>Von Donnerstag, 1., bis Sonntag, 4. August, verwandelt sich Garmisch-Partenkirchen erneut in ein Eldorado f\u00fcr Outdoor-Enthusiasten, wenn das AlpenTestival sein zehnj\u00e4hriges Jubil\u00e4um feiert.<\/p>\n","protected":false},"author":5,"featured_media":0,"comment_status":"closed","ping_status":"open","sticky":false,"template":"","format":"standard","meta":[],"categories":[5],"tags":[],"_links":{"self":[{"href":"http:\/\/cms.mtsomnii.de\/w7\/wp-json\/wp\/v2\/posts\/18591"}],"collection":[{"href":"http:\/\/cms.mtsomnii.de\/w7\/wp-json\/wp\/v2\/posts"}],"about":[{"href":"http:\/\/cms.mtsomnii.de\/w7\/wp-json\/wp\/v2\/types\/post"}],"author":[{"embeddable":true,"href":"http:\/\/cms.mtsomnii.de\/w7\/wp-json\/wp\/v2\/users\/5"}],"replies":[{"embeddable":true,"href":"http:\/\/cms.mtsomnii.de\/w7\/wp-json\/wp\/v2\/comments?post=18591"}],"version-history":[{"count":0,"href":"http:\/\/cms.mtsomnii.de\/w7\/wp-json\/wp\/v2\/posts\/18591\/revisions"}],"wp:attachment":[{"href":"http:\/\/cms.mtsomnii.de\/w7\/wp-json\/wp\/v2\/media?parent=18591"}],"wp:term":[{"taxonomy":"category","embeddable":true,"href":"http:\/\/cms.mtsomnii.de\/w7\/wp-json\/wp\/v2\/categories?post=18591"},{"taxonomy":"post_tag","embeddable":true,"href":"http:\/\/cms.mtsomnii.de\/w7\/wp-json\/wp\/v2\/tags?post=18591"}],"curies":[{"name":"wp","href":"https:\/\/api.w.org\/{rel}","templated":true}]}}