{"id":18596,"date":"2024-08-02T08:00:00","date_gmt":"2024-08-02T06:00:00","guid":{"rendered":"http:\/\/cms.mtsomnii.de\/w7\/kreisbote-gap\/bei-der-agentur-fuer-arbeit-sind-noch-280-freie-ausbildungsplaetze-registriert-das-teilt-die-gewerkschaft-nahrung-genuss-gaststaetten-ngg-mit-93217257-html-18596\/"},"modified":"2024-08-02T08:00:00","modified_gmt":"2024-08-02T06:00:00","slug":"bei-der-agentur-fuer-arbeit-sind-noch-280-freie-ausbildungsplaetze-registriert-das-teilt-die-gewerkschaft-nahrung-genuss-gaststaetten-ngg-mit-93217257-html","status":"publish","type":"post","link":"http:\/\/cms.mtsomnii.de\/w7\/kreisbote-gap\/bei-der-agentur-fuer-arbeit-sind-noch-280-freie-ausbildungsplaetze-registriert-das-teilt-die-gewerkschaft-nahrung-genuss-gaststaetten-ngg-mit-93217257-html-18596\/","title":{"rendered":"Gro\u00dfe Chancen: 280 Ausbildungspl\u00e4tze warten auf Jugendliche im Kreis Garmisch-Partenkirchen"},"content":{"rendered":"<div>Ab August geht es los: Das neue Ausbildungsjahr startet. Doch viele Betriebe im Kreis Garmisch-Partenkirchen sind nach wie vor auf der Suche nach Azubis. Bei der Agentur f\u00fcr Arbeit sind noch 280 freie Ausbildungspl\u00e4tze registriert. Das teilt die Gewerkschaft Nahrung-Genuss-Gastst\u00e4tten (NGG) mit.<\/div>\n","protected":false},"excerpt":{"rendered":"<p>Ab August geht es los: Das neue Ausbildungsjahr startet. Doch viele Betriebe im Kreis Garmisch-Partenkirchen sind nach wie vor auf der Suche nach Azubis. Bei der Agentur f\u00fcr Arbeit sind noch 280 freie Ausbildungspl\u00e4tze registriert. Das teilt die Gewerkschaft Nahrung-Genuss-Gastst\u00e4tten (NGG) mit.<\/p>\n","protected":false},"author":4,"featured_media":0,"comment_status":"closed","ping_status":"open","sticky":false,"template":"","format":"standard","meta":[],"categories":[2],"tags":[],"_links":{"self":[{"href":"http:\/\/cms.mtsomnii.de\/w7\/wp-json\/wp\/v2\/posts\/18596"}],"collection":[{"href":"http:\/\/cms.mtsomnii.de\/w7\/wp-json\/wp\/v2\/posts"}],"about":[{"href":"http:\/\/cms.mtsomnii.de\/w7\/wp-json\/wp\/v2\/types\/post"}],"author":[{"embeddable":true,"href":"http:\/\/cms.mtsomnii.de\/w7\/wp-json\/wp\/v2\/users\/4"}],"replies":[{"embeddable":true,"href":"http:\/\/cms.mtsomnii.de\/w7\/wp-json\/wp\/v2\/comments?post=18596"}],"version-history":[{"count":0,"href":"http:\/\/cms.mtsomnii.de\/w7\/wp-json\/wp\/v2\/posts\/18596\/revisions"}],"wp:attachment":[{"href":"http:\/\/cms.mtsomnii.de\/w7\/wp-json\/wp\/v2\/media?parent=18596"}],"wp:term":[{"taxonomy":"category","embeddable":true,"href":"http:\/\/cms.mtsomnii.de\/w7\/wp-json\/wp\/v2\/categories?post=18596"},{"taxonomy":"post_tag","embeddable":true,"href":"http:\/\/cms.mtsomnii.de\/w7\/wp-json\/wp\/v2\/tags?post=18596"}],"curies":[{"name":"wp","href":"https:\/\/api.w.org\/{rel}","templated":true}]}}