{"id":18790,"date":"2024-08-24T06:00:00","date_gmt":"2024-08-24T04:00:00","guid":{"rendered":"http:\/\/cms.mtsomnii.de\/w7\/merkur-de-gap\/ludwigsfeuer-erleuchten-oberammergau-ein-fest-zu-ehren-koenig-ludwigs-ii-93255884-html-2-18790\/"},"modified":"2024-08-24T06:00:00","modified_gmt":"2024-08-24T04:00:00","slug":"ludwigsfeuer-erleuchten-oberammergau-ein-fest-zu-ehren-koenig-ludwigs-ii-93255884-html-2","status":"publish","type":"post","link":"http:\/\/cms.mtsomnii.de\/w7\/merkur-de-gap\/ludwigsfeuer-erleuchten-oberammergau-ein-fest-zu-ehren-koenig-ludwigs-ii-93255884-html-2-18790\/","title":{"rendered":"Ludwigsfeuer erleuchten Oberammergau: Ein Fest zu Ehren K\u00f6nig Ludwigs II."},"content":{"rendered":"<div>Heute, am 24. August, wird in Oberammergau erneut das traditionelle \u201eLudwigsfeuer\u201c entz\u00fcndet. Dieses besondere Ereignis, das jedes Jahr die Herzen der Einheimischen und Besucher gleicherma\u00dfen h\u00f6her schlagen l\u00e4sst, findet auf dem Kofel und den umliegenden Berggipfeln statt.<\/div>\n","protected":false},"excerpt":{"rendered":"<p>Heute, am 24. August, wird in Oberammergau erneut das traditionelle \u201eLudwigsfeuer\u201c entz\u00fcndet. Dieses besondere Ereignis, das jedes Jahr die Herzen der Einheimischen und Besucher gleicherma\u00dfen h\u00f6her schlagen l\u00e4sst, findet auf dem Kofel und den umliegenden Berggipfeln statt.<\/p>\n","protected":false},"author":5,"featured_media":0,"comment_status":"closed","ping_status":"open","sticky":false,"template":"","format":"standard","meta":[],"categories":[5],"tags":[],"_links":{"self":[{"href":"http:\/\/cms.mtsomnii.de\/w7\/wp-json\/wp\/v2\/posts\/18790"}],"collection":[{"href":"http:\/\/cms.mtsomnii.de\/w7\/wp-json\/wp\/v2\/posts"}],"about":[{"href":"http:\/\/cms.mtsomnii.de\/w7\/wp-json\/wp\/v2\/types\/post"}],"author":[{"embeddable":true,"href":"http:\/\/cms.mtsomnii.de\/w7\/wp-json\/wp\/v2\/users\/5"}],"replies":[{"embeddable":true,"href":"http:\/\/cms.mtsomnii.de\/w7\/wp-json\/wp\/v2\/comments?post=18790"}],"version-history":[{"count":0,"href":"http:\/\/cms.mtsomnii.de\/w7\/wp-json\/wp\/v2\/posts\/18790\/revisions"}],"wp:attachment":[{"href":"http:\/\/cms.mtsomnii.de\/w7\/wp-json\/wp\/v2\/media?parent=18790"}],"wp:term":[{"taxonomy":"category","embeddable":true,"href":"http:\/\/cms.mtsomnii.de\/w7\/wp-json\/wp\/v2\/categories?post=18790"},{"taxonomy":"post_tag","embeddable":true,"href":"http:\/\/cms.mtsomnii.de\/w7\/wp-json\/wp\/v2\/tags?post=18790"}],"curies":[{"name":"wp","href":"https:\/\/api.w.org\/{rel}","templated":true}]}}