{"id":18792,"date":"2024-08-24T16:00:00","date_gmt":"2024-08-24T14:00:00","guid":{"rendered":"http:\/\/cms.mtsomnii.de\/w7\/merkur-de-gap\/borkenkaeferbefall-bedroht-nicht-nur-geschwaechte-sondern-zunehmend-auch-gesunde-baeume-fruehzeitiges-erkennen-und-rasches-handeln-sind-entscheidend-93255937-html-2-18792\/"},"modified":"2024-08-24T16:00:00","modified_gmt":"2024-08-24T14:00:00","slug":"borkenkaeferbefall-bedroht-nicht-nur-geschwaechte-sondern-zunehmend-auch-gesunde-baeume-fruehzeitiges-erkennen-und-rasches-handeln-sind-entscheidend-93255937-html-2","status":"publish","type":"post","link":"http:\/\/cms.mtsomnii.de\/w7\/merkur-de-gap\/borkenkaeferbefall-bedroht-nicht-nur-geschwaechte-sondern-zunehmend-auch-gesunde-baeume-fruehzeitiges-erkennen-und-rasches-handeln-sind-entscheidend-93255937-html-2-18792\/","title":{"rendered":"Kleine K\u00e4fer \u2013 immenser Schaden: Borkenk\u00e4ferbefall erkennen und befallenes Holz jetzt aufarbeiten"},"content":{"rendered":"<div>Die feuchte Witterung in den letzten Wochen bot den W\u00e4ldern im Landkreis eine kleine Verschnaufpause. Gerade die Fichten haben von dem regnerischen und k\u00fchlen Wetter profitiert. Grund zur Sorglosigkeit, insbesondere mit Blick auf die Entwicklung des Borkenk\u00e4fers, bedeutet dies jedoch nicht. Konzentrierte sich der Befall bisher vor allem auf die von Hagel, Schnee und Sturm gesch\u00e4digten Fichten, werden nun vermehrt auch gesunde B\u00e4ume befallen.<\/div>\n","protected":false},"excerpt":{"rendered":"<p>Die feuchte Witterung in den letzten Wochen bot den W\u00e4ldern im Landkreis eine kleine Verschnaufpause. Gerade die Fichten haben von dem regnerischen und k\u00fchlen Wetter profitiert. Grund zur Sorglosigkeit, insbesondere mit Blick auf die Entwicklung des Borkenk\u00e4fers, bedeutet dies jedoch nicht. Konzentrierte sich der Befall bisher vor allem auf die von Hagel, Schnee und Sturm gesch\u00e4digten Fichten, werden nun vermehrt<\/p>\n","protected":false},"author":5,"featured_media":0,"comment_status":"closed","ping_status":"open","sticky":false,"template":"","format":"standard","meta":[],"categories":[5],"tags":[],"_links":{"self":[{"href":"http:\/\/cms.mtsomnii.de\/w7\/wp-json\/wp\/v2\/posts\/18792"}],"collection":[{"href":"http:\/\/cms.mtsomnii.de\/w7\/wp-json\/wp\/v2\/posts"}],"about":[{"href":"http:\/\/cms.mtsomnii.de\/w7\/wp-json\/wp\/v2\/types\/post"}],"author":[{"embeddable":true,"href":"http:\/\/cms.mtsomnii.de\/w7\/wp-json\/wp\/v2\/users\/5"}],"replies":[{"embeddable":true,"href":"http:\/\/cms.mtsomnii.de\/w7\/wp-json\/wp\/v2\/comments?post=18792"}],"version-history":[{"count":0,"href":"http:\/\/cms.mtsomnii.de\/w7\/wp-json\/wp\/v2\/posts\/18792\/revisions"}],"wp:attachment":[{"href":"http:\/\/cms.mtsomnii.de\/w7\/wp-json\/wp\/v2\/media?parent=18792"}],"wp:term":[{"taxonomy":"category","embeddable":true,"href":"http:\/\/cms.mtsomnii.de\/w7\/wp-json\/wp\/v2\/categories?post=18792"},{"taxonomy":"post_tag","embeddable":true,"href":"http:\/\/cms.mtsomnii.de\/w7\/wp-json\/wp\/v2\/tags?post=18792"}],"curies":[{"name":"wp","href":"https:\/\/api.w.org\/{rel}","templated":true}]}}