{"id":19257,"date":"2024-10-23T07:00:00","date_gmt":"2024-10-23T05:00:00","guid":{"rendered":"http:\/\/cms.mtsomnii.de\/w7\/merkur-de-gap\/grossweil-schwaecheanfall-am-steuer-mitten-auf-der-autobahn-93369759-html-19257\/"},"modified":"2024-10-23T07:00:00","modified_gmt":"2024-10-23T05:00:00","slug":"grossweil-schwaecheanfall-am-steuer-mitten-auf-der-autobahn-93369759-html","status":"publish","type":"post","link":"http:\/\/cms.mtsomnii.de\/w7\/merkur-de-gap\/grossweil-schwaecheanfall-am-steuer-mitten-auf-der-autobahn-93369759-html-19257\/","title":{"rendered":"Schw\u00e4cheanfall am Steuer \u2013 mitten auf der Autobahn"},"content":{"rendered":"<div>Ein 47 Jahre alter Autofahrer hat am Montag auf der A95 bei Gro\u00dfweil offenbar wegen eines pl\u00f6tzlichen Schw\u00e4cheanfalls am Steuer die Kontrolle \u00fcber seinen Wagen verloren.<\/div>\n","protected":false},"excerpt":{"rendered":"<p>Ein 47 Jahre alter Autofahrer hat am Montag auf der A95 bei Gro\u00dfweil offenbar wegen eines pl\u00f6tzlichen Schw\u00e4cheanfalls am Steuer die Kontrolle \u00fcber seinen Wagen verloren.<\/p>\n","protected":false},"author":5,"featured_media":0,"comment_status":"closed","ping_status":"open","sticky":false,"template":"","format":"standard","meta":[],"categories":[5],"tags":[],"_links":{"self":[{"href":"http:\/\/cms.mtsomnii.de\/w7\/wp-json\/wp\/v2\/posts\/19257"}],"collection":[{"href":"http:\/\/cms.mtsomnii.de\/w7\/wp-json\/wp\/v2\/posts"}],"about":[{"href":"http:\/\/cms.mtsomnii.de\/w7\/wp-json\/wp\/v2\/types\/post"}],"author":[{"embeddable":true,"href":"http:\/\/cms.mtsomnii.de\/w7\/wp-json\/wp\/v2\/users\/5"}],"replies":[{"embeddable":true,"href":"http:\/\/cms.mtsomnii.de\/w7\/wp-json\/wp\/v2\/comments?post=19257"}],"version-history":[{"count":0,"href":"http:\/\/cms.mtsomnii.de\/w7\/wp-json\/wp\/v2\/posts\/19257\/revisions"}],"wp:attachment":[{"href":"http:\/\/cms.mtsomnii.de\/w7\/wp-json\/wp\/v2\/media?parent=19257"}],"wp:term":[{"taxonomy":"category","embeddable":true,"href":"http:\/\/cms.mtsomnii.de\/w7\/wp-json\/wp\/v2\/categories?post=19257"},{"taxonomy":"post_tag","embeddable":true,"href":"http:\/\/cms.mtsomnii.de\/w7\/wp-json\/wp\/v2\/tags?post=19257"}],"curies":[{"name":"wp","href":"https:\/\/api.w.org\/{rel}","templated":true}]}}