{"id":19302,"date":"2024-10-31T16:01:13","date_gmt":"2024-10-31T15:01:13","guid":{"rendered":"http:\/\/cms.mtsomnii.de\/w7\/merkur-de-gap\/paukenschlag-beim-fc-florian-heringer-ist-ab-sofort-nicht-mehr-cheftrainer-93386488-html-19302\/"},"modified":"2024-10-31T16:01:13","modified_gmt":"2024-10-31T15:01:13","slug":"paukenschlag-beim-fc-florian-heringer-ist-ab-sofort-nicht-mehr-cheftrainer-93386488-html","status":"publish","type":"post","link":"http:\/\/cms.mtsomnii.de\/w7\/merkur-de-gap\/paukenschlag-beim-fc-florian-heringer-ist-ab-sofort-nicht-mehr-cheftrainer-93386488-html-19302\/","title":{"rendered":"Paukenschlag beim 1. FC: Florian Heringer ist ab sofort nicht mehr Cheftrainer"},"content":{"rendered":"<div>Die Ergebnisse beim 1. FC Garmisch-Partenkirchen lie\u00dfen in der Landesliga schon l\u00e4nger zu w\u00fcnschen \u00fcbrig. Nun zog der Club und Trainer Konsequenzen.<\/div>\n","protected":false},"excerpt":{"rendered":"<p>Die Ergebnisse beim 1. FC Garmisch-Partenkirchen lie\u00dfen in der Landesliga schon l\u00e4nger zu w\u00fcnschen \u00fcbrig. Nun zog der Club und Trainer Konsequenzen.<\/p>\n","protected":false},"author":5,"featured_media":0,"comment_status":"closed","ping_status":"open","sticky":false,"template":"","format":"standard","meta":[],"categories":[5],"tags":[],"_links":{"self":[{"href":"http:\/\/cms.mtsomnii.de\/w7\/wp-json\/wp\/v2\/posts\/19302"}],"collection":[{"href":"http:\/\/cms.mtsomnii.de\/w7\/wp-json\/wp\/v2\/posts"}],"about":[{"href":"http:\/\/cms.mtsomnii.de\/w7\/wp-json\/wp\/v2\/types\/post"}],"author":[{"embeddable":true,"href":"http:\/\/cms.mtsomnii.de\/w7\/wp-json\/wp\/v2\/users\/5"}],"replies":[{"embeddable":true,"href":"http:\/\/cms.mtsomnii.de\/w7\/wp-json\/wp\/v2\/comments?post=19302"}],"version-history":[{"count":0,"href":"http:\/\/cms.mtsomnii.de\/w7\/wp-json\/wp\/v2\/posts\/19302\/revisions"}],"wp:attachment":[{"href":"http:\/\/cms.mtsomnii.de\/w7\/wp-json\/wp\/v2\/media?parent=19302"}],"wp:term":[{"taxonomy":"category","embeddable":true,"href":"http:\/\/cms.mtsomnii.de\/w7\/wp-json\/wp\/v2\/categories?post=19302"},{"taxonomy":"post_tag","embeddable":true,"href":"http:\/\/cms.mtsomnii.de\/w7\/wp-json\/wp\/v2\/tags?post=19302"}],"curies":[{"name":"wp","href":"https:\/\/api.w.org\/{rel}","templated":true}]}}