{"id":19498,"date":"2024-11-25T18:32:00","date_gmt":"2024-11-25T17:32:00","guid":{"rendered":"http:\/\/cms.mtsomnii.de\/w7\/merkur-de-gap\/seehausen-bayern-christian-koenig-ist-bundestagskandidat-bei-den-gruenen-93432282-html-2-19498\/"},"modified":"2024-11-25T18:32:00","modified_gmt":"2024-11-25T17:32:00","slug":"seehausen-bayern-christian-koenig-ist-bundestagskandidat-bei-den-gruenen-93432282-html-2","status":"publish","type":"post","link":"http:\/\/cms.mtsomnii.de\/w7\/merkur-de-gap\/seehausen-bayern-christian-koenig-ist-bundestagskandidat-bei-den-gruenen-93432282-html-2-19498\/","title":{"rendered":"Erdrutschsieg: Christian K\u00f6nig (26) ist Direktkandidat von B\u00fcndnis 90\/Die Gr\u00fcnen"},"content":{"rendered":"<div>Paukenschlag bei den Gr\u00fcnen: Mit haushohem Abstand ist der 26-j\u00e4hrige Christian K\u00f6nig, der in Garmisch-Partenkirchen aufgewachsen ist, bei einer Versammlung in Seehausen zum Direktkandidaten f\u00fcr den Bundestag im Wahlkreis 225 gek\u00fcrt worden.<\/div>\n","protected":false},"excerpt":{"rendered":"<p>Paukenschlag bei den Gr\u00fcnen: Mit haushohem Abstand ist der 26-j\u00e4hrige Christian K\u00f6nig, der in Garmisch-Partenkirchen aufgewachsen ist, bei einer Versammlung in Seehausen zum Direktkandidaten f\u00fcr den Bundestag im Wahlkreis 225 gek\u00fcrt worden.<\/p>\n","protected":false},"author":5,"featured_media":0,"comment_status":"closed","ping_status":"open","sticky":false,"template":"","format":"standard","meta":[],"categories":[5],"tags":[],"_links":{"self":[{"href":"http:\/\/cms.mtsomnii.de\/w7\/wp-json\/wp\/v2\/posts\/19498"}],"collection":[{"href":"http:\/\/cms.mtsomnii.de\/w7\/wp-json\/wp\/v2\/posts"}],"about":[{"href":"http:\/\/cms.mtsomnii.de\/w7\/wp-json\/wp\/v2\/types\/post"}],"author":[{"embeddable":true,"href":"http:\/\/cms.mtsomnii.de\/w7\/wp-json\/wp\/v2\/users\/5"}],"replies":[{"embeddable":true,"href":"http:\/\/cms.mtsomnii.de\/w7\/wp-json\/wp\/v2\/comments?post=19498"}],"version-history":[{"count":0,"href":"http:\/\/cms.mtsomnii.de\/w7\/wp-json\/wp\/v2\/posts\/19498\/revisions"}],"wp:attachment":[{"href":"http:\/\/cms.mtsomnii.de\/w7\/wp-json\/wp\/v2\/media?parent=19498"}],"wp:term":[{"taxonomy":"category","embeddable":true,"href":"http:\/\/cms.mtsomnii.de\/w7\/wp-json\/wp\/v2\/categories?post=19498"},{"taxonomy":"post_tag","embeddable":true,"href":"http:\/\/cms.mtsomnii.de\/w7\/wp-json\/wp\/v2\/tags?post=19498"}],"curies":[{"name":"wp","href":"https:\/\/api.w.org\/{rel}","templated":true}]}}