{"id":19548,"date":"2024-12-02T12:37:50","date_gmt":"2024-12-02T11:37:50","guid":{"rendered":"http:\/\/cms.mtsomnii.de\/w7\/merkur-de-gap\/wanderer-verunglueckt-toedlich-im-ammergebirge-93445045-html-2-19548\/"},"modified":"2024-12-02T12:37:50","modified_gmt":"2024-12-02T11:37:50","slug":"wanderer-verunglueckt-toedlich-im-ammergebirge-93445045-html-2","status":"publish","type":"post","link":"http:\/\/cms.mtsomnii.de\/w7\/merkur-de-gap\/wanderer-verunglueckt-toedlich-im-ammergebirge-93445045-html-2-19548\/","title":{"rendered":"Wanderer verungl\u00fcckt t\u00f6dlich im Ammergebirge"},"content":{"rendered":"<div>Zu einem t\u00f6dlichen Absturz kam es am Sonntag, 1. Dezember, beim Abstieg vom Gipfel des Laubenecks. Der Mann kam &#8211; nach derzeitigem Ermittlungsstand &#8211; alleine zu Sturz und fiel sodann etwa 100 Meter in die Tiefe.<\/div>\n","protected":false},"excerpt":{"rendered":"<p>Zu einem t\u00f6dlichen Absturz kam es am Sonntag, 1. Dezember, beim Abstieg vom Gipfel des Laubenecks. Der Mann kam &#8211; nach derzeitigem Ermittlungsstand &#8211; alleine zu Sturz und fiel sodann etwa 100 Meter in die Tiefe.<\/p>\n","protected":false},"author":5,"featured_media":0,"comment_status":"closed","ping_status":"open","sticky":false,"template":"","format":"standard","meta":[],"categories":[5],"tags":[],"_links":{"self":[{"href":"http:\/\/cms.mtsomnii.de\/w7\/wp-json\/wp\/v2\/posts\/19548"}],"collection":[{"href":"http:\/\/cms.mtsomnii.de\/w7\/wp-json\/wp\/v2\/posts"}],"about":[{"href":"http:\/\/cms.mtsomnii.de\/w7\/wp-json\/wp\/v2\/types\/post"}],"author":[{"embeddable":true,"href":"http:\/\/cms.mtsomnii.de\/w7\/wp-json\/wp\/v2\/users\/5"}],"replies":[{"embeddable":true,"href":"http:\/\/cms.mtsomnii.de\/w7\/wp-json\/wp\/v2\/comments?post=19548"}],"version-history":[{"count":0,"href":"http:\/\/cms.mtsomnii.de\/w7\/wp-json\/wp\/v2\/posts\/19548\/revisions"}],"wp:attachment":[{"href":"http:\/\/cms.mtsomnii.de\/w7\/wp-json\/wp\/v2\/media?parent=19548"}],"wp:term":[{"taxonomy":"category","embeddable":true,"href":"http:\/\/cms.mtsomnii.de\/w7\/wp-json\/wp\/v2\/categories?post=19548"},{"taxonomy":"post_tag","embeddable":true,"href":"http:\/\/cms.mtsomnii.de\/w7\/wp-json\/wp\/v2\/tags?post=19548"}],"curies":[{"name":"wp","href":"https:\/\/api.w.org\/{rel}","templated":true}]}}