{"id":19571,"date":"2024-12-02T20:19:47","date_gmt":"2024-12-02T19:19:47","guid":{"rendered":"http:\/\/cms.mtsomnii.de\/w7\/merkur-de-gap\/tod-wanderer-aus-oberbayern-stuerzt-im-ammergebirge-100-meter-in-den-93446142-html-19571\/"},"modified":"2024-12-02T20:19:47","modified_gmt":"2024-12-02T19:19:47","slug":"tod-wanderer-aus-oberbayern-stuerzt-im-ammergebirge-100-meter-in-den-93446142-html","status":"publish","type":"post","link":"http:\/\/cms.mtsomnii.de\/w7\/merkur-de-gap\/tod-wanderer-aus-oberbayern-stuerzt-im-ammergebirge-100-meter-in-den-93446142-html-19571\/","title":{"rendered":"Wanderer (36) aus Oberbayern st\u00fcrzt im Ammergebirge 100 Meter in den Tod"},"content":{"rendered":"<div>Im Ammergebirge ist ein 36-j\u00e4hriger Oberbayer beim Wandern gest\u00fcrzt. Die herbeigeeilten Einsatzkr\u00e4fte konnten nur noch den Tod des Mannes feststellen.<\/div>\n","protected":false},"excerpt":{"rendered":"<p>Im Ammergebirge ist ein 36-j\u00e4hriger Oberbayer beim Wandern gest\u00fcrzt. Die herbeigeeilten Einsatzkr\u00e4fte konnten nur noch den Tod des Mannes feststellen.<\/p>\n","protected":false},"author":5,"featured_media":0,"comment_status":"closed","ping_status":"open","sticky":false,"template":"","format":"standard","meta":[],"categories":[5],"tags":[],"_links":{"self":[{"href":"http:\/\/cms.mtsomnii.de\/w7\/wp-json\/wp\/v2\/posts\/19571"}],"collection":[{"href":"http:\/\/cms.mtsomnii.de\/w7\/wp-json\/wp\/v2\/posts"}],"about":[{"href":"http:\/\/cms.mtsomnii.de\/w7\/wp-json\/wp\/v2\/types\/post"}],"author":[{"embeddable":true,"href":"http:\/\/cms.mtsomnii.de\/w7\/wp-json\/wp\/v2\/users\/5"}],"replies":[{"embeddable":true,"href":"http:\/\/cms.mtsomnii.de\/w7\/wp-json\/wp\/v2\/comments?post=19571"}],"version-history":[{"count":0,"href":"http:\/\/cms.mtsomnii.de\/w7\/wp-json\/wp\/v2\/posts\/19571\/revisions"}],"wp:attachment":[{"href":"http:\/\/cms.mtsomnii.de\/w7\/wp-json\/wp\/v2\/media?parent=19571"}],"wp:term":[{"taxonomy":"category","embeddable":true,"href":"http:\/\/cms.mtsomnii.de\/w7\/wp-json\/wp\/v2\/categories?post=19571"},{"taxonomy":"post_tag","embeddable":true,"href":"http:\/\/cms.mtsomnii.de\/w7\/wp-json\/wp\/v2\/tags?post=19571"}],"curies":[{"name":"wp","href":"https:\/\/api.w.org\/{rel}","templated":true}]}}