{"id":19611,"date":"2024-12-06T08:00:00","date_gmt":"2024-12-06T07:00:00","guid":{"rendered":"http:\/\/cms.mtsomnii.de\/w7\/merkur-de-gap\/volkstrachtenverein-garmisch-zieht-bei-versammlung-bilanz-93451057-html-2-19611\/"},"modified":"2024-12-06T08:00:00","modified_gmt":"2024-12-06T07:00:00","slug":"volkstrachtenverein-garmisch-zieht-bei-versammlung-bilanz-93451057-html-2","status":"publish","type":"post","link":"http:\/\/cms.mtsomnii.de\/w7\/merkur-de-gap\/volkstrachtenverein-garmisch-zieht-bei-versammlung-bilanz-93451057-html-2-19611\/","title":{"rendered":"Volkstrachtenverein Garmisch zieht bei Versammlung Bilanz"},"content":{"rendered":"<div>K\u00fcrzlich hielt der Volkstrachtenverein Garmisch, ihm geh\u00f6ren 339 Mitglieder  an, seine Jahreshauptversammlung ab. Dabei zogen die Vereinsverantwortlichen Bilanz, w\u00e4hlten, und ehrten ein langj\u00e4hriges Mitglied. Zudem blickten sie ebenso auf das kommende Vereinsjahr 2025.<\/div>\n","protected":false},"excerpt":{"rendered":"<p>K\u00fcrzlich hielt der Volkstrachtenverein Garmisch, ihm geh\u00f6ren 339 Mitglieder an, seine Jahreshauptversammlung ab. Dabei zogen die Vereinsverantwortlichen Bilanz, w\u00e4hlten, und ehrten ein langj\u00e4hriges Mitglied. Zudem blickten sie ebenso auf das kommende Vereinsjahr 2025.<\/p>\n","protected":false},"author":5,"featured_media":0,"comment_status":"closed","ping_status":"open","sticky":false,"template":"","format":"standard","meta":[],"categories":[5],"tags":[],"_links":{"self":[{"href":"http:\/\/cms.mtsomnii.de\/w7\/wp-json\/wp\/v2\/posts\/19611"}],"collection":[{"href":"http:\/\/cms.mtsomnii.de\/w7\/wp-json\/wp\/v2\/posts"}],"about":[{"href":"http:\/\/cms.mtsomnii.de\/w7\/wp-json\/wp\/v2\/types\/post"}],"author":[{"embeddable":true,"href":"http:\/\/cms.mtsomnii.de\/w7\/wp-json\/wp\/v2\/users\/5"}],"replies":[{"embeddable":true,"href":"http:\/\/cms.mtsomnii.de\/w7\/wp-json\/wp\/v2\/comments?post=19611"}],"version-history":[{"count":0,"href":"http:\/\/cms.mtsomnii.de\/w7\/wp-json\/wp\/v2\/posts\/19611\/revisions"}],"wp:attachment":[{"href":"http:\/\/cms.mtsomnii.de\/w7\/wp-json\/wp\/v2\/media?parent=19611"}],"wp:term":[{"taxonomy":"category","embeddable":true,"href":"http:\/\/cms.mtsomnii.de\/w7\/wp-json\/wp\/v2\/categories?post=19611"},{"taxonomy":"post_tag","embeddable":true,"href":"http:\/\/cms.mtsomnii.de\/w7\/wp-json\/wp\/v2\/tags?post=19611"}],"curies":[{"name":"wp","href":"https:\/\/api.w.org\/{rel}","templated":true}]}}