{"id":19614,"date":"2024-11-29T16:00:00","date_gmt":"2024-11-29T15:00:00","guid":{"rendered":"http:\/\/cms.mtsomnii.de\/w7\/kreisbote-gap\/kirchenverwaltungswahlen-im-pv-zugspitze-und-im-pv-partenkirchen-farchant-oberau-93437482-html-6-19614\/"},"modified":"2024-11-29T16:00:00","modified_gmt":"2024-11-29T15:00:00","slug":"kirchenverwaltungswahlen-im-pv-zugspitze-und-im-pv-partenkirchen-farchant-oberau-93437482-html-6","status":"publish","type":"post","link":"http:\/\/cms.mtsomnii.de\/w7\/kreisbote-gap\/kirchenverwaltungswahlen-im-pv-zugspitze-und-im-pv-partenkirchen-farchant-oberau-93437482-html-6-19614\/","title":{"rendered":"Kirchenverwaltungswahlen im PV Zugspitze und im PV Partenkirchen-Farchant-Oberau"},"content":{"rendered":"<div>In der ganzen Erzdi\u00f6zese M\u00fcnchen und Freising standen am Christk\u00f6nig-Sonntag die Wahlen f\u00fcr die Kirchenverwaltung an. Sie ist die Einrichtung in jeder Pfarrei, welches die Kirchensteuerzahler und die Kirchenstiftung rechtlich vertritt.<\/div>\n","protected":false},"excerpt":{"rendered":"<p>In der ganzen Erzdi\u00f6zese M\u00fcnchen und Freising standen am Christk\u00f6nig-Sonntag die Wahlen f\u00fcr die Kirchenverwaltung an. Sie ist die Einrichtung in jeder Pfarrei, welches die Kirchensteuerzahler und die Kirchenstiftung rechtlich vertritt.<\/p>\n","protected":false},"author":4,"featured_media":0,"comment_status":"closed","ping_status":"open","sticky":false,"template":"","format":"standard","meta":[],"categories":[2],"tags":[],"_links":{"self":[{"href":"http:\/\/cms.mtsomnii.de\/w7\/wp-json\/wp\/v2\/posts\/19614"}],"collection":[{"href":"http:\/\/cms.mtsomnii.de\/w7\/wp-json\/wp\/v2\/posts"}],"about":[{"href":"http:\/\/cms.mtsomnii.de\/w7\/wp-json\/wp\/v2\/types\/post"}],"author":[{"embeddable":true,"href":"http:\/\/cms.mtsomnii.de\/w7\/wp-json\/wp\/v2\/users\/4"}],"replies":[{"embeddable":true,"href":"http:\/\/cms.mtsomnii.de\/w7\/wp-json\/wp\/v2\/comments?post=19614"}],"version-history":[{"count":0,"href":"http:\/\/cms.mtsomnii.de\/w7\/wp-json\/wp\/v2\/posts\/19614\/revisions"}],"wp:attachment":[{"href":"http:\/\/cms.mtsomnii.de\/w7\/wp-json\/wp\/v2\/media?parent=19614"}],"wp:term":[{"taxonomy":"category","embeddable":true,"href":"http:\/\/cms.mtsomnii.de\/w7\/wp-json\/wp\/v2\/categories?post=19614"},{"taxonomy":"post_tag","embeddable":true,"href":"http:\/\/cms.mtsomnii.de\/w7\/wp-json\/wp\/v2\/tags?post=19614"}],"curies":[{"name":"wp","href":"https:\/\/api.w.org\/{rel}","templated":true}]}}