{"id":19616,"date":"2024-11-30T16:00:00","date_gmt":"2024-11-30T15:00:00","guid":{"rendered":"http:\/\/cms.mtsomnii.de\/w7\/kreisbote-gap\/ein-wunsch-frei-herzenswunschmobil-des-brk-kreisverbands-erfuellt-letzte-wuensche-im-landkreis-93437547-html-6-19616\/"},"modified":"2024-11-30T16:00:00","modified_gmt":"2024-11-30T15:00:00","slug":"ein-wunsch-frei-herzenswunschmobil-des-brk-kreisverbands-erfuellt-letzte-wuensche-im-landkreis-93437547-html-6","status":"publish","type":"post","link":"http:\/\/cms.mtsomnii.de\/w7\/kreisbote-gap\/ein-wunsch-frei-herzenswunschmobil-des-brk-kreisverbands-erfuellt-letzte-wuensche-im-landkreis-93437547-html-6-19616\/","title":{"rendered":"Ein Wunsch frei: \u201eHerzenswunschmobil\u201c des BRK- Kreisverbands erf\u00fcllt letzte W\u00fcnsche im Landkreis"},"content":{"rendered":"<div>Schauplatz Garmischer Fu\u00dfg\u00e4ngerzone: Direkt vor dem Spielbankgeb\u00e4ude fiel der Startschuss f\u00fcr ein ganz besonderes soziales Projekt \u2013 dem \u201cHerzenswunschmobil\u201d. Viele Haupt-und Ehrenamtliche der BRK-Familie wie Vize-Pr\u00e4sident Andreas Hanna-Krahl, Kreisgesch\u00e4ftsf\u00fchrer Klemens Reindl oder Vorstandsmitglied Andreas Geuther waren gekommen. Ganz neu ist dieses soziale Angebot aber nicht. Es gibt es bereits in Cham, Rottal\/Inn, in Bayreuth, Hof &#8211; und im nahen Bad T\u00f6lz. Hier greift nunmehr die Idee, schwerstkranken Menschen an ihrem Lebensende noch einen Herzenswunsch zu erf\u00fcllen. \u201eEtwa ein Verwandtenbesuch, ein besonderer Ausflug, die Teilnahme an einer Beerdigung oder die Begleitung zu einem Konzert\u201d, sagt Andreas Kumeth, der Assistent der BRK-Kreisverbandsgesch\u00e4ftsleitung, zugleich auch ehrenamtlicher Bereitschaftsleiter der Garmischer Sanit\u00e4tskolonne. Kumeth gilt mit seinem Vorschlag, dieses besondere Projekt auch im Landkreis Garmisch-Partenkirchen zu etablieren, als Initiator.<\/div>\n","protected":false},"excerpt":{"rendered":"<p>Schauplatz Garmischer Fu\u00dfg\u00e4ngerzone: Direkt vor dem Spielbankgeb\u00e4ude fiel der Startschuss f\u00fcr ein ganz besonderes soziales Projekt \u2013 dem \u201cHerzenswunschmobil\u201d. Viele Haupt-und Ehrenamtliche der BRK-Familie wie Vize-Pr\u00e4sident Andreas Hanna-Krahl, Kreisgesch\u00e4ftsf\u00fchrer Klemens Reindl oder Vorstandsmitglied Andreas Geuther waren gekommen. Ganz neu ist dieses soziale Angebot aber nicht. Es gibt es bereits in Cham, Rottal\/Inn, in Bayreuth, Hof &#8211; und im nahen Bad<\/p>\n","protected":false},"author":4,"featured_media":0,"comment_status":"closed","ping_status":"open","sticky":false,"template":"","format":"standard","meta":[],"categories":[2],"tags":[],"_links":{"self":[{"href":"http:\/\/cms.mtsomnii.de\/w7\/wp-json\/wp\/v2\/posts\/19616"}],"collection":[{"href":"http:\/\/cms.mtsomnii.de\/w7\/wp-json\/wp\/v2\/posts"}],"about":[{"href":"http:\/\/cms.mtsomnii.de\/w7\/wp-json\/wp\/v2\/types\/post"}],"author":[{"embeddable":true,"href":"http:\/\/cms.mtsomnii.de\/w7\/wp-json\/wp\/v2\/users\/4"}],"replies":[{"embeddable":true,"href":"http:\/\/cms.mtsomnii.de\/w7\/wp-json\/wp\/v2\/comments?post=19616"}],"version-history":[{"count":0,"href":"http:\/\/cms.mtsomnii.de\/w7\/wp-json\/wp\/v2\/posts\/19616\/revisions"}],"wp:attachment":[{"href":"http:\/\/cms.mtsomnii.de\/w7\/wp-json\/wp\/v2\/media?parent=19616"}],"wp:term":[{"taxonomy":"category","embeddable":true,"href":"http:\/\/cms.mtsomnii.de\/w7\/wp-json\/wp\/v2\/categories?post=19616"},{"taxonomy":"post_tag","embeddable":true,"href":"http:\/\/cms.mtsomnii.de\/w7\/wp-json\/wp\/v2\/tags?post=19616"}],"curies":[{"name":"wp","href":"https:\/\/api.w.org\/{rel}","templated":true}]}}