{"id":19618,"date":"2024-12-01T16:00:00","date_gmt":"2024-12-01T15:00:00","guid":{"rendered":"http:\/\/cms.mtsomnii.de\/w7\/kreisbote-gap\/wallgau-verschoenert-den-kurpark-mit-blumen-straeuchern-und-baeumen-93437567-html-7-19618\/"},"modified":"2024-12-01T16:00:00","modified_gmt":"2024-12-01T15:00:00","slug":"wallgau-verschoenert-den-kurpark-mit-blumen-straeuchern-und-baeumen-93437567-html-7","status":"publish","type":"post","link":"http:\/\/cms.mtsomnii.de\/w7\/kreisbote-gap\/wallgau-verschoenert-den-kurpark-mit-blumen-straeuchern-und-baeumen-93437567-html-7-19618\/","title":{"rendered":"Wallgau versch\u00f6nert den Kurpark mit Blumen, Str\u00e4uchern und B\u00e4umen"},"content":{"rendered":"<div>In Wallgau im Landkreis Garmisch-Partenkirchen bewegt sich etwas. Im Zuge der Dorferneuerung wird derzeit der Spielplatz erweitert und der Kurpark neu bepflanzt.<\/div>\n","protected":false},"excerpt":{"rendered":"<p>In Wallgau im Landkreis Garmisch-Partenkirchen bewegt sich etwas. Im Zuge der Dorferneuerung wird derzeit der Spielplatz erweitert und der Kurpark neu bepflanzt.<\/p>\n","protected":false},"author":4,"featured_media":0,"comment_status":"closed","ping_status":"open","sticky":false,"template":"","format":"standard","meta":[],"categories":[2],"tags":[],"_links":{"self":[{"href":"http:\/\/cms.mtsomnii.de\/w7\/wp-json\/wp\/v2\/posts\/19618"}],"collection":[{"href":"http:\/\/cms.mtsomnii.de\/w7\/wp-json\/wp\/v2\/posts"}],"about":[{"href":"http:\/\/cms.mtsomnii.de\/w7\/wp-json\/wp\/v2\/types\/post"}],"author":[{"embeddable":true,"href":"http:\/\/cms.mtsomnii.de\/w7\/wp-json\/wp\/v2\/users\/4"}],"replies":[{"embeddable":true,"href":"http:\/\/cms.mtsomnii.de\/w7\/wp-json\/wp\/v2\/comments?post=19618"}],"version-history":[{"count":0,"href":"http:\/\/cms.mtsomnii.de\/w7\/wp-json\/wp\/v2\/posts\/19618\/revisions"}],"wp:attachment":[{"href":"http:\/\/cms.mtsomnii.de\/w7\/wp-json\/wp\/v2\/media?parent=19618"}],"wp:term":[{"taxonomy":"category","embeddable":true,"href":"http:\/\/cms.mtsomnii.de\/w7\/wp-json\/wp\/v2\/categories?post=19618"},{"taxonomy":"post_tag","embeddable":true,"href":"http:\/\/cms.mtsomnii.de\/w7\/wp-json\/wp\/v2\/tags?post=19618"}],"curies":[{"name":"wp","href":"https:\/\/api.w.org\/{rel}","templated":true}]}}