{"id":19623,"date":"2024-12-06T16:00:00","date_gmt":"2024-12-06T15:00:00","guid":{"rendered":"http:\/\/cms.mtsomnii.de\/w7\/kreisbote-gap\/erfolgreiche-diabetesschulungswoche-fuer-kinder-im-klinikum-garmisch-partenkirchen-93451060-html-19623\/"},"modified":"2024-12-06T16:00:00","modified_gmt":"2024-12-06T15:00:00","slug":"erfolgreiche-diabetesschulungswoche-fuer-kinder-im-klinikum-garmisch-partenkirchen-93451060-html","status":"publish","type":"post","link":"http:\/\/cms.mtsomnii.de\/w7\/kreisbote-gap\/erfolgreiche-diabetesschulungswoche-fuer-kinder-im-klinikum-garmisch-partenkirchen-93451060-html-19623\/","title":{"rendered":"Erfolgreiche Diabetesschulungswoche f\u00fcr Kinder im Klinikum Garmisch-Partenkirchen"},"content":{"rendered":"<div>Die erste station\u00e4re Diabetesschulungswoche f\u00fcr Kinder am Klinikum Garmisch-Partenkirchen war ein voller Erfolg. Sechs M\u00e4dchen im Alter von acht bis elf Jahren aus den Landkreisen Garmisch-Partenkirchen und Weilheim-Schongau nahmen im November an der wichtigen Schulung teil. Diese zielte darauf ab, den jungen Patientinnen praxisnah den Umgang mit ihrer Diabeteserkrankung zu vermitteln und ihnen zu zeigen, wie sie den Insulinbedarf in verschiedenen Alltagssituationen regulieren.<\/div>\n","protected":false},"excerpt":{"rendered":"<p>Die erste station\u00e4re Diabetesschulungswoche f\u00fcr Kinder am Klinikum Garmisch-Partenkirchen war ein voller Erfolg. Sechs M\u00e4dchen im Alter von acht bis elf Jahren aus den Landkreisen Garmisch-Partenkirchen und Weilheim-Schongau nahmen im November an der wichtigen Schulung teil. Diese zielte darauf ab, den jungen Patientinnen praxisnah den Umgang mit ihrer Diabeteserkrankung zu vermitteln und ihnen zu zeigen, wie sie den Insulinbedarf in<\/p>\n","protected":false},"author":4,"featured_media":0,"comment_status":"closed","ping_status":"open","sticky":false,"template":"","format":"standard","meta":[],"categories":[2],"tags":[],"_links":{"self":[{"href":"http:\/\/cms.mtsomnii.de\/w7\/wp-json\/wp\/v2\/posts\/19623"}],"collection":[{"href":"http:\/\/cms.mtsomnii.de\/w7\/wp-json\/wp\/v2\/posts"}],"about":[{"href":"http:\/\/cms.mtsomnii.de\/w7\/wp-json\/wp\/v2\/types\/post"}],"author":[{"embeddable":true,"href":"http:\/\/cms.mtsomnii.de\/w7\/wp-json\/wp\/v2\/users\/4"}],"replies":[{"embeddable":true,"href":"http:\/\/cms.mtsomnii.de\/w7\/wp-json\/wp\/v2\/comments?post=19623"}],"version-history":[{"count":0,"href":"http:\/\/cms.mtsomnii.de\/w7\/wp-json\/wp\/v2\/posts\/19623\/revisions"}],"wp:attachment":[{"href":"http:\/\/cms.mtsomnii.de\/w7\/wp-json\/wp\/v2\/media?parent=19623"}],"wp:term":[{"taxonomy":"category","embeddable":true,"href":"http:\/\/cms.mtsomnii.de\/w7\/wp-json\/wp\/v2\/categories?post=19623"},{"taxonomy":"post_tag","embeddable":true,"href":"http:\/\/cms.mtsomnii.de\/w7\/wp-json\/wp\/v2\/tags?post=19623"}],"curies":[{"name":"wp","href":"https:\/\/api.w.org\/{rel}","templated":true}]}}