{"id":19628,"date":"2024-11-30T08:00:00","date_gmt":"2024-11-30T07:00:00","guid":{"rendered":"http:\/\/cms.mtsomnii.de\/w7\/kreisbote-gap\/neuwahlen-beim-vtv-werdenfelser-heimat-partenkirchen-93437486-html-7-19628\/"},"modified":"2024-11-30T08:00:00","modified_gmt":"2024-11-30T07:00:00","slug":"neuwahlen-beim-vtv-werdenfelser-heimat-partenkirchen-93437486-html-7","status":"publish","type":"post","link":"http:\/\/cms.mtsomnii.de\/w7\/kreisbote-gap\/neuwahlen-beim-vtv-werdenfelser-heimat-partenkirchen-93437486-html-7-19628\/","title":{"rendered":"Grasegger bleibt an der Spitze"},"content":{"rendered":"<div>Die f\u00e4lligen Neuwahlen waren in diesem Jahr der zentrale Schwerpunkt anl\u00e4sslich der Generalversammlung im Gasthof \u201ezum Rassen\u201c. Bereits vor geraumer Zeit und zuletzt auch \u00f6ffentlich im Rahmen der Festwoche im August hatte der amtierende 1. Vorstand Andreas Grasegger angek\u00fcndigt, sein Amt zur Verf\u00fcgung zu stellen.<\/div>\n","protected":false},"excerpt":{"rendered":"<p>Die f\u00e4lligen Neuwahlen waren in diesem Jahr der zentrale Schwerpunkt anl\u00e4sslich der Generalversammlung im Gasthof \u201ezum Rassen\u201c. Bereits vor geraumer Zeit und zuletzt auch \u00f6ffentlich im Rahmen der Festwoche im August hatte der amtierende 1. Vorstand Andreas Grasegger angek\u00fcndigt, sein Amt zur Verf\u00fcgung zu stellen.<\/p>\n","protected":false},"author":4,"featured_media":0,"comment_status":"closed","ping_status":"open","sticky":false,"template":"","format":"standard","meta":[],"categories":[2],"tags":[],"_links":{"self":[{"href":"http:\/\/cms.mtsomnii.de\/w7\/wp-json\/wp\/v2\/posts\/19628"}],"collection":[{"href":"http:\/\/cms.mtsomnii.de\/w7\/wp-json\/wp\/v2\/posts"}],"about":[{"href":"http:\/\/cms.mtsomnii.de\/w7\/wp-json\/wp\/v2\/types\/post"}],"author":[{"embeddable":true,"href":"http:\/\/cms.mtsomnii.de\/w7\/wp-json\/wp\/v2\/users\/4"}],"replies":[{"embeddable":true,"href":"http:\/\/cms.mtsomnii.de\/w7\/wp-json\/wp\/v2\/comments?post=19628"}],"version-history":[{"count":0,"href":"http:\/\/cms.mtsomnii.de\/w7\/wp-json\/wp\/v2\/posts\/19628\/revisions"}],"wp:attachment":[{"href":"http:\/\/cms.mtsomnii.de\/w7\/wp-json\/wp\/v2\/media?parent=19628"}],"wp:term":[{"taxonomy":"category","embeddable":true,"href":"http:\/\/cms.mtsomnii.de\/w7\/wp-json\/wp\/v2\/categories?post=19628"},{"taxonomy":"post_tag","embeddable":true,"href":"http:\/\/cms.mtsomnii.de\/w7\/wp-json\/wp\/v2\/tags?post=19628"}],"curies":[{"name":"wp","href":"https:\/\/api.w.org\/{rel}","templated":true}]}}