{"id":19642,"date":"2024-12-07T09:20:00","date_gmt":"2024-12-07T08:20:00","guid":{"rendered":"http:\/\/cms.mtsomnii.de\/w7\/merkur-de-gap\/christkindlmarkt-bad-kohlgrub-oeffnet-seine-pforten-93451172-html-2-19642\/"},"modified":"2024-12-07T09:20:00","modified_gmt":"2024-12-07T08:20:00","slug":"christkindlmarkt-bad-kohlgrub-oeffnet-seine-pforten-93451172-html-2","status":"publish","type":"post","link":"http:\/\/cms.mtsomnii.de\/w7\/merkur-de-gap\/christkindlmarkt-bad-kohlgrub-oeffnet-seine-pforten-93451172-html-2-19642\/","title":{"rendered":"Christkindlmarkt Bad Kohlgrub \u00f6ffnet seine Pforten"},"content":{"rendered":"<div>Auch im Ammertal ist es wieder so weit. W\u00e4hrend letztes Wochende Zeit f\u00fcr den Oberammergauer Christkindlmarkt war, d\u00fcrfen sich jetzt die Bad Kohlgruber auf ihren besonderen Markt freuen.<\/div>\n","protected":false},"excerpt":{"rendered":"<p>Auch im Ammertal ist es wieder so weit. W\u00e4hrend letztes Wochende Zeit f\u00fcr den Oberammergauer Christkindlmarkt war, d\u00fcrfen sich jetzt die Bad Kohlgruber auf ihren besonderen Markt freuen.<\/p>\n","protected":false},"author":5,"featured_media":0,"comment_status":"closed","ping_status":"open","sticky":false,"template":"","format":"standard","meta":[],"categories":[5],"tags":[],"_links":{"self":[{"href":"http:\/\/cms.mtsomnii.de\/w7\/wp-json\/wp\/v2\/posts\/19642"}],"collection":[{"href":"http:\/\/cms.mtsomnii.de\/w7\/wp-json\/wp\/v2\/posts"}],"about":[{"href":"http:\/\/cms.mtsomnii.de\/w7\/wp-json\/wp\/v2\/types\/post"}],"author":[{"embeddable":true,"href":"http:\/\/cms.mtsomnii.de\/w7\/wp-json\/wp\/v2\/users\/5"}],"replies":[{"embeddable":true,"href":"http:\/\/cms.mtsomnii.de\/w7\/wp-json\/wp\/v2\/comments?post=19642"}],"version-history":[{"count":0,"href":"http:\/\/cms.mtsomnii.de\/w7\/wp-json\/wp\/v2\/posts\/19642\/revisions"}],"wp:attachment":[{"href":"http:\/\/cms.mtsomnii.de\/w7\/wp-json\/wp\/v2\/media?parent=19642"}],"wp:term":[{"taxonomy":"category","embeddable":true,"href":"http:\/\/cms.mtsomnii.de\/w7\/wp-json\/wp\/v2\/categories?post=19642"},{"taxonomy":"post_tag","embeddable":true,"href":"http:\/\/cms.mtsomnii.de\/w7\/wp-json\/wp\/v2\/tags?post=19642"}],"curies":[{"name":"wp","href":"https:\/\/api.w.org\/{rel}","templated":true}]}}