{"id":19643,"date":"2024-12-07T16:00:00","date_gmt":"2024-12-07T15:00:00","guid":{"rendered":"http:\/\/cms.mtsomnii.de\/w7\/kreisbote-gap\/saison-kurzarbeitergeld-hilft-in-kalter-jahreszeit-ueber-die-runden-93451232-html-19643\/"},"modified":"2024-12-07T16:00:00","modified_gmt":"2024-12-07T15:00:00","slug":"saison-kurzarbeitergeld-hilft-in-kalter-jahreszeit-ueber-die-runden-93451232-html","status":"publish","type":"post","link":"http:\/\/cms.mtsomnii.de\/w7\/kreisbote-gap\/saison-kurzarbeitergeld-hilft-in-kalter-jahreszeit-ueber-die-runden-93451232-html-19643\/","title":{"rendered":"Saison-Kurzarbeitergeld hilft in kalter Jahreszeit \u00fcber die Runden"},"content":{"rendered":"<div>Wenn demn\u00e4chst auf den Baustellen bei frostigen Temperaturen nichts mehr geht, braucht sich keiner der rund 740 Baubesch\u00e4ftigten im Landkreis Garmisch-Partenkirchen Sorgen um seinen Job zu machen. Darauf hat die Industriegewerkschaft Bauen-Agrar-Umwelt (IG BAU) hingewiesen. \u201eMaurer, Stra\u00dfen-, Rohrleitungs-, Kanalbauer &amp; Co. \u2013 keiner muss seinen Job an den \u201aWinter-Nagel\u2018 h\u00e4ngen. Arbeitsvertr\u00e4ge und Lohnzahlungen laufen weiter\u201c, sagt Harald Wulf von der IG BAU Oberbayern.<\/div>\n","protected":false},"excerpt":{"rendered":"<p>Wenn demn\u00e4chst auf den Baustellen bei frostigen Temperaturen nichts mehr geht, braucht sich keiner der rund 740 Baubesch\u00e4ftigten im Landkreis Garmisch-Partenkirchen Sorgen um seinen Job zu machen. Darauf hat die Industriegewerkschaft Bauen-Agrar-Umwelt (IG BAU) hingewiesen. \u201eMaurer, Stra\u00dfen-, Rohrleitungs-, Kanalbauer &amp; Co. \u2013 keiner muss seinen Job an den \u201aWinter-Nagel\u2018 h\u00e4ngen. Arbeitsvertr\u00e4ge und Lohnzahlungen laufen weiter\u201c, sagt Harald Wulf von der<\/p>\n","protected":false},"author":4,"featured_media":0,"comment_status":"closed","ping_status":"open","sticky":false,"template":"","format":"standard","meta":[],"categories":[2],"tags":[],"_links":{"self":[{"href":"http:\/\/cms.mtsomnii.de\/w7\/wp-json\/wp\/v2\/posts\/19643"}],"collection":[{"href":"http:\/\/cms.mtsomnii.de\/w7\/wp-json\/wp\/v2\/posts"}],"about":[{"href":"http:\/\/cms.mtsomnii.de\/w7\/wp-json\/wp\/v2\/types\/post"}],"author":[{"embeddable":true,"href":"http:\/\/cms.mtsomnii.de\/w7\/wp-json\/wp\/v2\/users\/4"}],"replies":[{"embeddable":true,"href":"http:\/\/cms.mtsomnii.de\/w7\/wp-json\/wp\/v2\/comments?post=19643"}],"version-history":[{"count":0,"href":"http:\/\/cms.mtsomnii.de\/w7\/wp-json\/wp\/v2\/posts\/19643\/revisions"}],"wp:attachment":[{"href":"http:\/\/cms.mtsomnii.de\/w7\/wp-json\/wp\/v2\/media?parent=19643"}],"wp:term":[{"taxonomy":"category","embeddable":true,"href":"http:\/\/cms.mtsomnii.de\/w7\/wp-json\/wp\/v2\/categories?post=19643"},{"taxonomy":"post_tag","embeddable":true,"href":"http:\/\/cms.mtsomnii.de\/w7\/wp-json\/wp\/v2\/tags?post=19643"}],"curies":[{"name":"wp","href":"https:\/\/api.w.org\/{rel}","templated":true}]}}