{"id":19707,"date":"2024-12-12T17:00:21","date_gmt":"2024-12-12T16:00:21","guid":{"rendered":"http:\/\/cms.mtsomnii.de\/w7\/merkur-de-gap\/die-feuerwehr-garmisch-war-mit-15-einsatzkraeften-vor-ort-schwerer-unfall-mit-vollsperrung-b23-93465590-html-2-19707\/"},"modified":"2024-12-12T17:00:21","modified_gmt":"2024-12-12T16:00:21","slug":"die-feuerwehr-garmisch-war-mit-15-einsatzkraeften-vor-ort-schwerer-unfall-mit-vollsperrung-b23-93465590-html-2","status":"publish","type":"post","link":"http:\/\/cms.mtsomnii.de\/w7\/merkur-de-gap\/die-feuerwehr-garmisch-war-mit-15-einsatzkraeften-vor-ort-schwerer-unfall-mit-vollsperrung-b23-93465590-html-2-19707\/","title":{"rendered":"Schwerer Unfall mit Vollsperrung B23"},"content":{"rendered":"<div>Gegen 13.30 Uhr ereignete sich auf der B23 zwischen dem Gewerbegebiet Schm\u00f6lz und der Aribr\u00fccke ein schwerer Verkehrsunfall. Eine 35-j\u00e4hrige moldawische Staatsangeh\u00f6rige befuhr mit ihrem Mercedes die Bundesstra\u00dfe von Grainau kommend in Richtung Ortsteil Garmisch.<\/div>\n","protected":false},"excerpt":{"rendered":"<p>Gegen 13.30 Uhr ereignete sich auf der B23 zwischen dem Gewerbegebiet Schm\u00f6lz und der Aribr\u00fccke ein schwerer Verkehrsunfall. Eine 35-j\u00e4hrige moldawische Staatsangeh\u00f6rige befuhr mit ihrem Mercedes die Bundesstra\u00dfe von Grainau kommend in Richtung Ortsteil Garmisch.<\/p>\n","protected":false},"author":5,"featured_media":0,"comment_status":"closed","ping_status":"open","sticky":false,"template":"","format":"standard","meta":[],"categories":[5],"tags":[],"_links":{"self":[{"href":"http:\/\/cms.mtsomnii.de\/w7\/wp-json\/wp\/v2\/posts\/19707"}],"collection":[{"href":"http:\/\/cms.mtsomnii.de\/w7\/wp-json\/wp\/v2\/posts"}],"about":[{"href":"http:\/\/cms.mtsomnii.de\/w7\/wp-json\/wp\/v2\/types\/post"}],"author":[{"embeddable":true,"href":"http:\/\/cms.mtsomnii.de\/w7\/wp-json\/wp\/v2\/users\/5"}],"replies":[{"embeddable":true,"href":"http:\/\/cms.mtsomnii.de\/w7\/wp-json\/wp\/v2\/comments?post=19707"}],"version-history":[{"count":0,"href":"http:\/\/cms.mtsomnii.de\/w7\/wp-json\/wp\/v2\/posts\/19707\/revisions"}],"wp:attachment":[{"href":"http:\/\/cms.mtsomnii.de\/w7\/wp-json\/wp\/v2\/media?parent=19707"}],"wp:term":[{"taxonomy":"category","embeddable":true,"href":"http:\/\/cms.mtsomnii.de\/w7\/wp-json\/wp\/v2\/categories?post=19707"},{"taxonomy":"post_tag","embeddable":true,"href":"http:\/\/cms.mtsomnii.de\/w7\/wp-json\/wp\/v2\/tags?post=19707"}],"curies":[{"name":"wp","href":"https:\/\/api.w.org\/{rel}","templated":true}]}}