{"id":19737,"date":"2024-12-18T12:17:20","date_gmt":"2024-12-18T11:17:20","guid":{"rendered":"http:\/\/cms.mtsomnii.de\/w7\/kreisbote-gap\/winterfreuden-in-garmisch-nach-der-zugspitze-startet-auch-das-classic-gebiet-93475449-html-19737\/"},"modified":"2024-12-18T12:17:20","modified_gmt":"2024-12-18T11:17:20","slug":"winterfreuden-in-garmisch-nach-der-zugspitze-startet-auch-das-classic-gebiet-93475449-html","status":"publish","type":"post","link":"http:\/\/cms.mtsomnii.de\/w7\/kreisbote-gap\/winterfreuden-in-garmisch-nach-der-zugspitze-startet-auch-das-classic-gebiet-93475449-html-19737\/","title":{"rendered":"Winterfreuden in Garmisch: Nach der Zugspitze startet auch das Classic-Gebiet"},"content":{"rendered":"<div>Mit dem Garmisch-Classic hat nun ein weiteres Skigebiet die Wintersaison eingel\u00e4utet \u2013 und das bei strahlendem Sonnenschein und besten Bedingungen. Nachdem die Zugspitze bereits vor einigen Wochen den Skibetrieb aufgenommen hatte, zog am Freitag, 13. Dezember, das Classic-Gebiet nach. Damit bietet Garmisch-Partenkirchen seinen G\u00e4sten jetzt noch mehr M\u00f6glichkeiten f\u00fcr winterliches Skivergn\u00fcgen.<\/div>\n","protected":false},"excerpt":{"rendered":"<p>Mit dem Garmisch-Classic hat nun ein weiteres Skigebiet die Wintersaison eingel\u00e4utet \u2013 und das bei strahlendem Sonnenschein und besten Bedingungen. Nachdem die Zugspitze bereits vor einigen Wochen den Skibetrieb aufgenommen hatte, zog am Freitag, 13. Dezember, das Classic-Gebiet nach. Damit bietet Garmisch-Partenkirchen seinen G\u00e4sten jetzt noch mehr M\u00f6glichkeiten f\u00fcr winterliches Skivergn\u00fcgen.<\/p>\n","protected":false},"author":4,"featured_media":0,"comment_status":"closed","ping_status":"open","sticky":false,"template":"","format":"standard","meta":[],"categories":[2],"tags":[],"_links":{"self":[{"href":"http:\/\/cms.mtsomnii.de\/w7\/wp-json\/wp\/v2\/posts\/19737"}],"collection":[{"href":"http:\/\/cms.mtsomnii.de\/w7\/wp-json\/wp\/v2\/posts"}],"about":[{"href":"http:\/\/cms.mtsomnii.de\/w7\/wp-json\/wp\/v2\/types\/post"}],"author":[{"embeddable":true,"href":"http:\/\/cms.mtsomnii.de\/w7\/wp-json\/wp\/v2\/users\/4"}],"replies":[{"embeddable":true,"href":"http:\/\/cms.mtsomnii.de\/w7\/wp-json\/wp\/v2\/comments?post=19737"}],"version-history":[{"count":0,"href":"http:\/\/cms.mtsomnii.de\/w7\/wp-json\/wp\/v2\/posts\/19737\/revisions"}],"wp:attachment":[{"href":"http:\/\/cms.mtsomnii.de\/w7\/wp-json\/wp\/v2\/media?parent=19737"}],"wp:term":[{"taxonomy":"category","embeddable":true,"href":"http:\/\/cms.mtsomnii.de\/w7\/wp-json\/wp\/v2\/categories?post=19737"},{"taxonomy":"post_tag","embeddable":true,"href":"http:\/\/cms.mtsomnii.de\/w7\/wp-json\/wp\/v2\/tags?post=19737"}],"curies":[{"name":"wp","href":"https:\/\/api.w.org\/{rel}","templated":true}]}}