{"id":19753,"date":"2024-12-16T19:00:00","date_gmt":"2024-12-16T18:00:00","guid":{"rendered":"http:\/\/cms.mtsomnii.de\/w7\/merkur-de-gap\/murnau-bayern-scharfe-spd-kritik-an-beuting-in-sachen-alter-post-93471922-html-2-19753\/"},"modified":"2024-12-16T19:00:00","modified_gmt":"2024-12-16T18:00:00","slug":"murnau-bayern-scharfe-spd-kritik-an-beuting-in-sachen-alter-post-93471922-html-2","status":"publish","type":"post","link":"http:\/\/cms.mtsomnii.de\/w7\/merkur-de-gap\/murnau-bayern-scharfe-spd-kritik-an-beuting-in-sachen-alter-post-93471922-html-2-19753\/","title":{"rendered":"Alte Post in Murnau: Scharfe SPD-Kritik an Beuting"},"content":{"rendered":"<div>Das Thema B\u00fcrgerhaus bewegt in Murnau weiter die Gem\u00fcter. Der SPD-Ortsverein \u00fcbt scharfe Kritik an B\u00fcrgermeister Rolf Beuting (\u00d6DP\/B\u00fcrgerforum).<\/div>\n","protected":false},"excerpt":{"rendered":"<p>Das Thema B\u00fcrgerhaus bewegt in Murnau weiter die Gem\u00fcter. Der SPD-Ortsverein \u00fcbt scharfe Kritik an B\u00fcrgermeister Rolf Beuting (\u00d6DP\/B\u00fcrgerforum).<\/p>\n","protected":false},"author":5,"featured_media":0,"comment_status":"closed","ping_status":"open","sticky":false,"template":"","format":"standard","meta":[],"categories":[5],"tags":[],"_links":{"self":[{"href":"http:\/\/cms.mtsomnii.de\/w7\/wp-json\/wp\/v2\/posts\/19753"}],"collection":[{"href":"http:\/\/cms.mtsomnii.de\/w7\/wp-json\/wp\/v2\/posts"}],"about":[{"href":"http:\/\/cms.mtsomnii.de\/w7\/wp-json\/wp\/v2\/types\/post"}],"author":[{"embeddable":true,"href":"http:\/\/cms.mtsomnii.de\/w7\/wp-json\/wp\/v2\/users\/5"}],"replies":[{"embeddable":true,"href":"http:\/\/cms.mtsomnii.de\/w7\/wp-json\/wp\/v2\/comments?post=19753"}],"version-history":[{"count":0,"href":"http:\/\/cms.mtsomnii.de\/w7\/wp-json\/wp\/v2\/posts\/19753\/revisions"}],"wp:attachment":[{"href":"http:\/\/cms.mtsomnii.de\/w7\/wp-json\/wp\/v2\/media?parent=19753"}],"wp:term":[{"taxonomy":"category","embeddable":true,"href":"http:\/\/cms.mtsomnii.de\/w7\/wp-json\/wp\/v2\/categories?post=19753"},{"taxonomy":"post_tag","embeddable":true,"href":"http:\/\/cms.mtsomnii.de\/w7\/wp-json\/wp\/v2\/tags?post=19753"}],"curies":[{"name":"wp","href":"https:\/\/api.w.org\/{rel}","templated":true}]}}