{"id":19759,"date":"2024-12-18T18:11:13","date_gmt":"2024-12-18T17:11:13","guid":{"rendered":"http:\/\/cms.mtsomnii.de\/w7\/merkur-de-gap\/fussball-em-der-frauen-garmisch-partenkirchen-koennte-wieder-basecamp-werden-93476467-html-19759\/"},"modified":"2024-12-18T18:11:13","modified_gmt":"2024-12-18T17:11:13","slug":"fussball-em-der-frauen-garmisch-partenkirchen-koennte-wieder-basecamp-werden-93476467-html","status":"publish","type":"post","link":"http:\/\/cms.mtsomnii.de\/w7\/merkur-de-gap\/fussball-em-der-frauen-garmisch-partenkirchen-koennte-wieder-basecamp-werden-93476467-html-19759\/","title":{"rendered":"Fu\u00dfball-EM der Frauen: Garmisch-Partenkirchen k\u00f6nnte wieder Basecamp werden"},"content":{"rendered":"<div>Garmisch-Partenkirchen kommt offenbar an in der Fu\u00dfball-Welt: Der DFB hat gefragt, ob sich der Markt nicht wieder als Gastgeber f\u00fcr eine Nationalmannschaft w\u00e4hrend der Frauen-EM 2029 bewerben will? Sofern Deutschland den Zuschlag erh\u00e4lt. Den Gemeinder\u00e4ten gef\u00e4llt die Idee.<\/div>\n","protected":false},"excerpt":{"rendered":"<p>Garmisch-Partenkirchen kommt offenbar an in der Fu\u00dfball-Welt: Der DFB hat gefragt, ob sich der Markt nicht wieder als Gastgeber f\u00fcr eine Nationalmannschaft w\u00e4hrend der Frauen-EM 2029 bewerben will? Sofern Deutschland den Zuschlag erh\u00e4lt. Den Gemeinder\u00e4ten gef\u00e4llt die Idee.<\/p>\n","protected":false},"author":5,"featured_media":0,"comment_status":"closed","ping_status":"open","sticky":false,"template":"","format":"standard","meta":[],"categories":[5],"tags":[],"_links":{"self":[{"href":"http:\/\/cms.mtsomnii.de\/w7\/wp-json\/wp\/v2\/posts\/19759"}],"collection":[{"href":"http:\/\/cms.mtsomnii.de\/w7\/wp-json\/wp\/v2\/posts"}],"about":[{"href":"http:\/\/cms.mtsomnii.de\/w7\/wp-json\/wp\/v2\/types\/post"}],"author":[{"embeddable":true,"href":"http:\/\/cms.mtsomnii.de\/w7\/wp-json\/wp\/v2\/users\/5"}],"replies":[{"embeddable":true,"href":"http:\/\/cms.mtsomnii.de\/w7\/wp-json\/wp\/v2\/comments?post=19759"}],"version-history":[{"count":0,"href":"http:\/\/cms.mtsomnii.de\/w7\/wp-json\/wp\/v2\/posts\/19759\/revisions"}],"wp:attachment":[{"href":"http:\/\/cms.mtsomnii.de\/w7\/wp-json\/wp\/v2\/media?parent=19759"}],"wp:term":[{"taxonomy":"category","embeddable":true,"href":"http:\/\/cms.mtsomnii.de\/w7\/wp-json\/wp\/v2\/categories?post=19759"},{"taxonomy":"post_tag","embeddable":true,"href":"http:\/\/cms.mtsomnii.de\/w7\/wp-json\/wp\/v2\/tags?post=19759"}],"curies":[{"name":"wp","href":"https:\/\/api.w.org\/{rel}","templated":true}]}}