{"id":19782,"date":"2024-12-19T11:07:33","date_gmt":"2024-12-19T10:07:33","guid":{"rendered":"http:\/\/cms.mtsomnii.de\/w7\/merkur-de-gap\/die-zwei-organisatoren-des-bozner-markts-nun-vorgestellt-93477419-html-19782\/"},"modified":"2024-12-19T11:07:33","modified_gmt":"2024-12-19T10:07:33","slug":"die-zwei-organisatoren-des-bozner-markts-nun-vorgestellt-93477419-html","status":"publish","type":"post","link":"http:\/\/cms.mtsomnii.de\/w7\/merkur-de-gap\/die-zwei-organisatoren-des-bozner-markts-nun-vorgestellt-93477419-html-19782\/","title":{"rendered":"Geheimnis gel\u00fcftet: Die zwei Organisatoren des Bozner Markts nun vorgestellt"},"content":{"rendered":"<div>Das Geheimnis ist gel\u00fcftet: Florian und Franz Lipp vulgo Dauberwei\u00df bilden k\u00fcnftig das Organisationsduo des Mittenwalder Bozner Markts. Das hat der Gemeinderat in seiner Weihnachtssitzung einhellig beschlossen. F\u00fcr viele sind die beiden die langersehnte Rettung des Historienspektakels.<\/div>\n","protected":false},"excerpt":{"rendered":"<p>Das Geheimnis ist gel\u00fcftet: Florian und Franz Lipp vulgo Dauberwei\u00df bilden k\u00fcnftig das Organisationsduo des Mittenwalder Bozner Markts. Das hat der Gemeinderat in seiner Weihnachtssitzung einhellig beschlossen. F\u00fcr viele sind die beiden die langersehnte Rettung des Historienspektakels.<\/p>\n","protected":false},"author":5,"featured_media":0,"comment_status":"closed","ping_status":"open","sticky":false,"template":"","format":"standard","meta":[],"categories":[5],"tags":[],"_links":{"self":[{"href":"http:\/\/cms.mtsomnii.de\/w7\/wp-json\/wp\/v2\/posts\/19782"}],"collection":[{"href":"http:\/\/cms.mtsomnii.de\/w7\/wp-json\/wp\/v2\/posts"}],"about":[{"href":"http:\/\/cms.mtsomnii.de\/w7\/wp-json\/wp\/v2\/types\/post"}],"author":[{"embeddable":true,"href":"http:\/\/cms.mtsomnii.de\/w7\/wp-json\/wp\/v2\/users\/5"}],"replies":[{"embeddable":true,"href":"http:\/\/cms.mtsomnii.de\/w7\/wp-json\/wp\/v2\/comments?post=19782"}],"version-history":[{"count":0,"href":"http:\/\/cms.mtsomnii.de\/w7\/wp-json\/wp\/v2\/posts\/19782\/revisions"}],"wp:attachment":[{"href":"http:\/\/cms.mtsomnii.de\/w7\/wp-json\/wp\/v2\/media?parent=19782"}],"wp:term":[{"taxonomy":"category","embeddable":true,"href":"http:\/\/cms.mtsomnii.de\/w7\/wp-json\/wp\/v2\/categories?post=19782"},{"taxonomy":"post_tag","embeddable":true,"href":"http:\/\/cms.mtsomnii.de\/w7\/wp-json\/wp\/v2\/tags?post=19782"}],"curies":[{"name":"wp","href":"https:\/\/api.w.org\/{rel}","templated":true}]}}