{"id":19793,"date":"2024-12-20T16:00:00","date_gmt":"2024-12-20T15:00:00","guid":{"rendered":"http:\/\/cms.mtsomnii.de\/w7\/merkur-de-gap\/und-weltcup-im-rennrodeln-auf-naturbahn-in-winterleiten-93475232-html-2-19793\/"},"modified":"2024-12-20T16:00:00","modified_gmt":"2024-12-20T15:00:00","slug":"und-weltcup-im-rennrodeln-auf-naturbahn-in-winterleiten-93475232-html-2","status":"publish","type":"post","link":"http:\/\/cms.mtsomnii.de\/w7\/merkur-de-gap\/und-weltcup-im-rennrodeln-auf-naturbahn-in-winterleiten-93475232-html-2-19793\/","title":{"rendered":"1. und 2. Weltcup im Rennrodeln auf Naturbahn in Winterleiten"},"content":{"rendered":"<div>Der erste Weltcup im Rennrodeln auf Naturbahn steht dieses Wochenende im \u00f6sterreichischen Winterleiten an. Mit Lisa Walch (RC Rottach-Egern) und Simon Dietz (WSV Unterammergau) gehen die bew\u00e4hrten Kr\u00e4fte an den Start.<\/div>\n","protected":false},"excerpt":{"rendered":"<p>Der erste Weltcup im Rennrodeln auf Naturbahn steht dieses Wochenende im \u00f6sterreichischen Winterleiten an. Mit Lisa Walch (RC Rottach-Egern) und Simon Dietz (WSV Unterammergau) gehen die bew\u00e4hrten Kr\u00e4fte an den Start.<\/p>\n","protected":false},"author":5,"featured_media":0,"comment_status":"closed","ping_status":"open","sticky":false,"template":"","format":"standard","meta":[],"categories":[5],"tags":[],"_links":{"self":[{"href":"http:\/\/cms.mtsomnii.de\/w7\/wp-json\/wp\/v2\/posts\/19793"}],"collection":[{"href":"http:\/\/cms.mtsomnii.de\/w7\/wp-json\/wp\/v2\/posts"}],"about":[{"href":"http:\/\/cms.mtsomnii.de\/w7\/wp-json\/wp\/v2\/types\/post"}],"author":[{"embeddable":true,"href":"http:\/\/cms.mtsomnii.de\/w7\/wp-json\/wp\/v2\/users\/5"}],"replies":[{"embeddable":true,"href":"http:\/\/cms.mtsomnii.de\/w7\/wp-json\/wp\/v2\/comments?post=19793"}],"version-history":[{"count":0,"href":"http:\/\/cms.mtsomnii.de\/w7\/wp-json\/wp\/v2\/posts\/19793\/revisions"}],"wp:attachment":[{"href":"http:\/\/cms.mtsomnii.de\/w7\/wp-json\/wp\/v2\/media?parent=19793"}],"wp:term":[{"taxonomy":"category","embeddable":true,"href":"http:\/\/cms.mtsomnii.de\/w7\/wp-json\/wp\/v2\/categories?post=19793"},{"taxonomy":"post_tag","embeddable":true,"href":"http:\/\/cms.mtsomnii.de\/w7\/wp-json\/wp\/v2\/tags?post=19793"}],"curies":[{"name":"wp","href":"https:\/\/api.w.org\/{rel}","templated":true}]}}