{"id":19797,"date":"2024-12-21T08:00:00","date_gmt":"2024-12-21T07:00:00","guid":{"rendered":"http:\/\/cms.mtsomnii.de\/w7\/merkur-de-gap\/jubilaeum-der-kreisbote-feiert-60-jahre-93475296-html-2-19797\/"},"modified":"2024-12-21T08:00:00","modified_gmt":"2024-12-21T07:00:00","slug":"jubilaeum-der-kreisbote-feiert-60-jahre-93475296-html-2","status":"publish","type":"post","link":"http:\/\/cms.mtsomnii.de\/w7\/merkur-de-gap\/jubilaeum-der-kreisbote-feiert-60-jahre-93475296-html-2-19797\/","title":{"rendered":"Jubil\u00e4um &#8211; Der Kreisbote feiert 60 Jahre"},"content":{"rendered":"<div>Feiern Sie mit uns und teilen Sie Ihre Erinnerungen: Der Kreisbote Garmisch-Partenkirchen feiert ein ganz besonderes Jubil\u00e4um: 60 Jahre Lokaljournalismus, Geschichten und Gemeinschaft. Zu diesem Anlass m\u00f6chten wir gemeinsam mit Ihnen, unseren treuen Leserinnen und Lesern, auf die vergangenen Jahrzehnte zur\u00fcckblicken.<\/div>\n","protected":false},"excerpt":{"rendered":"<p>Feiern Sie mit uns und teilen Sie Ihre Erinnerungen: Der Kreisbote Garmisch-Partenkirchen feiert ein ganz besonderes Jubil\u00e4um: 60 Jahre Lokaljournalismus, Geschichten und Gemeinschaft. Zu diesem Anlass m\u00f6chten wir gemeinsam mit Ihnen, unseren treuen Leserinnen und Lesern, auf die vergangenen Jahrzehnte zur\u00fcckblicken.<\/p>\n","protected":false},"author":5,"featured_media":0,"comment_status":"closed","ping_status":"open","sticky":false,"template":"","format":"standard","meta":[],"categories":[5],"tags":[],"_links":{"self":[{"href":"http:\/\/cms.mtsomnii.de\/w7\/wp-json\/wp\/v2\/posts\/19797"}],"collection":[{"href":"http:\/\/cms.mtsomnii.de\/w7\/wp-json\/wp\/v2\/posts"}],"about":[{"href":"http:\/\/cms.mtsomnii.de\/w7\/wp-json\/wp\/v2\/types\/post"}],"author":[{"embeddable":true,"href":"http:\/\/cms.mtsomnii.de\/w7\/wp-json\/wp\/v2\/users\/5"}],"replies":[{"embeddable":true,"href":"http:\/\/cms.mtsomnii.de\/w7\/wp-json\/wp\/v2\/comments?post=19797"}],"version-history":[{"count":0,"href":"http:\/\/cms.mtsomnii.de\/w7\/wp-json\/wp\/v2\/posts\/19797\/revisions"}],"wp:attachment":[{"href":"http:\/\/cms.mtsomnii.de\/w7\/wp-json\/wp\/v2\/media?parent=19797"}],"wp:term":[{"taxonomy":"category","embeddable":true,"href":"http:\/\/cms.mtsomnii.de\/w7\/wp-json\/wp\/v2\/categories?post=19797"},{"taxonomy":"post_tag","embeddable":true,"href":"http:\/\/cms.mtsomnii.de\/w7\/wp-json\/wp\/v2\/tags?post=19797"}],"curies":[{"name":"wp","href":"https:\/\/api.w.org\/{rel}","templated":true}]}}