{"id":19825,"date":"2024-12-20T08:00:00","date_gmt":"2024-12-20T07:00:00","guid":{"rendered":"http:\/\/cms.mtsomnii.de\/w7\/kreisbote-gap\/landtagsabgeordneter-harald-kuehn-informiert-sich-mit-experten-93475206-html-3-19825\/"},"modified":"2024-12-20T08:00:00","modified_gmt":"2024-12-20T07:00:00","slug":"landtagsabgeordneter-harald-kuehn-informiert-sich-mit-experten-93475206-html-3","status":"publish","type":"post","link":"http:\/\/cms.mtsomnii.de\/w7\/kreisbote-gap\/landtagsabgeordneter-harald-kuehn-informiert-sich-mit-experten-93475206-html-3-19825\/","title":{"rendered":"Landtagsabgeordneter Harald K\u00fchn informiert sich mit Experten"},"content":{"rendered":"<div>Auf Initiative des Landtagsabgeordneten Harald K\u00fchn besuchte dieser zusammen mit dem Pr\u00e4sidenten der Bayerischen Verwaltung der staatlichen Schl\u00f6sser, G\u00e4rten und Seen, Bernd Schreiber, dessen Vizepr\u00e4sident, Jochen Holdmann, sowie dem zust\u00e4ndigen Mitarbeiter der Schloss- und Gartenverwaltung, Alexander Laar, die im Staffelsee gelegene Insel W\u00f6rth.<\/div>\n","protected":false},"excerpt":{"rendered":"<p>Auf Initiative des Landtagsabgeordneten Harald K\u00fchn besuchte dieser zusammen mit dem Pr\u00e4sidenten der Bayerischen Verwaltung der staatlichen Schl\u00f6sser, G\u00e4rten und Seen, Bernd Schreiber, dessen Vizepr\u00e4sident, Jochen Holdmann, sowie dem zust\u00e4ndigen Mitarbeiter der Schloss- und Gartenverwaltung, Alexander Laar, die im Staffelsee gelegene Insel W\u00f6rth.<\/p>\n","protected":false},"author":4,"featured_media":0,"comment_status":"closed","ping_status":"open","sticky":false,"template":"","format":"standard","meta":[],"categories":[2],"tags":[],"_links":{"self":[{"href":"http:\/\/cms.mtsomnii.de\/w7\/wp-json\/wp\/v2\/posts\/19825"}],"collection":[{"href":"http:\/\/cms.mtsomnii.de\/w7\/wp-json\/wp\/v2\/posts"}],"about":[{"href":"http:\/\/cms.mtsomnii.de\/w7\/wp-json\/wp\/v2\/types\/post"}],"author":[{"embeddable":true,"href":"http:\/\/cms.mtsomnii.de\/w7\/wp-json\/wp\/v2\/users\/4"}],"replies":[{"embeddable":true,"href":"http:\/\/cms.mtsomnii.de\/w7\/wp-json\/wp\/v2\/comments?post=19825"}],"version-history":[{"count":0,"href":"http:\/\/cms.mtsomnii.de\/w7\/wp-json\/wp\/v2\/posts\/19825\/revisions"}],"wp:attachment":[{"href":"http:\/\/cms.mtsomnii.de\/w7\/wp-json\/wp\/v2\/media?parent=19825"}],"wp:term":[{"taxonomy":"category","embeddable":true,"href":"http:\/\/cms.mtsomnii.de\/w7\/wp-json\/wp\/v2\/categories?post=19825"},{"taxonomy":"post_tag","embeddable":true,"href":"http:\/\/cms.mtsomnii.de\/w7\/wp-json\/wp\/v2\/tags?post=19825"}],"curies":[{"name":"wp","href":"https:\/\/api.w.org\/{rel}","templated":true}]}}