{"id":19846,"date":"2024-12-28T12:00:00","date_gmt":"2024-12-28T11:00:00","guid":{"rendered":"http:\/\/cms.mtsomnii.de\/w7\/merkur-de-gap\/gratis-parken-fuer-fahrzeuge-regelung-stoesst-auf-unverstaendnis-buergermeister-veraergert-93488539-html-2-19846\/"},"modified":"2024-12-28T12:00:00","modified_gmt":"2024-12-28T11:00:00","slug":"gratis-parken-fuer-fahrzeuge-regelung-stoesst-auf-unverstaendnis-buergermeister-veraergert-93488539-html-2","status":"publish","type":"post","link":"http:\/\/cms.mtsomnii.de\/w7\/merkur-de-gap\/gratis-parken-fuer-fahrzeuge-regelung-stoesst-auf-unverstaendnis-buergermeister-veraergert-93488539-html-2-19846\/","title":{"rendered":"Gratis-Parken f\u00fcr E-Fahrzeuge: Regelung st\u00f6\u00dft auf Unverst\u00e4ndnis \u2013 B\u00fcrgermeister ver\u00e4rgert"},"content":{"rendered":"<div>Bis zu drei Stunden sollen E-Fahrzeuge ab April 2025 gratis parken d\u00fcrfen. Ein Vorsto\u00df, der bei Unterammergaus Rathauschef nicht gut ankam. Daraus macht er auch kein Geheimnis und findet deutliche Worte.<\/div>\n","protected":false},"excerpt":{"rendered":"<p>Bis zu drei Stunden sollen E-Fahrzeuge ab April 2025 gratis parken d\u00fcrfen. Ein Vorsto\u00df, der bei Unterammergaus Rathauschef nicht gut ankam. Daraus macht er auch kein Geheimnis und findet deutliche Worte.<\/p>\n","protected":false},"author":5,"featured_media":0,"comment_status":"closed","ping_status":"open","sticky":false,"template":"","format":"standard","meta":[],"categories":[5],"tags":[],"_links":{"self":[{"href":"http:\/\/cms.mtsomnii.de\/w7\/wp-json\/wp\/v2\/posts\/19846"}],"collection":[{"href":"http:\/\/cms.mtsomnii.de\/w7\/wp-json\/wp\/v2\/posts"}],"about":[{"href":"http:\/\/cms.mtsomnii.de\/w7\/wp-json\/wp\/v2\/types\/post"}],"author":[{"embeddable":true,"href":"http:\/\/cms.mtsomnii.de\/w7\/wp-json\/wp\/v2\/users\/5"}],"replies":[{"embeddable":true,"href":"http:\/\/cms.mtsomnii.de\/w7\/wp-json\/wp\/v2\/comments?post=19846"}],"version-history":[{"count":0,"href":"http:\/\/cms.mtsomnii.de\/w7\/wp-json\/wp\/v2\/posts\/19846\/revisions"}],"wp:attachment":[{"href":"http:\/\/cms.mtsomnii.de\/w7\/wp-json\/wp\/v2\/media?parent=19846"}],"wp:term":[{"taxonomy":"category","embeddable":true,"href":"http:\/\/cms.mtsomnii.de\/w7\/wp-json\/wp\/v2\/categories?post=19846"},{"taxonomy":"post_tag","embeddable":true,"href":"http:\/\/cms.mtsomnii.de\/w7\/wp-json\/wp\/v2\/tags?post=19846"}],"curies":[{"name":"wp","href":"https:\/\/api.w.org\/{rel}","templated":true}]}}