{"id":19847,"date":"2024-12-29T10:00:00","date_gmt":"2024-12-29T09:00:00","guid":{"rendered":"http:\/\/cms.mtsomnii.de\/w7\/merkur-de-gap\/seehauser-kindergarten-platzt-aus-allen-naehten-93488190-html-2-19847\/"},"modified":"2024-12-29T10:00:00","modified_gmt":"2024-12-29T09:00:00","slug":"seehauser-kindergarten-platzt-aus-allen-naehten-93488190-html-2","status":"publish","type":"post","link":"http:\/\/cms.mtsomnii.de\/w7\/merkur-de-gap\/seehauser-kindergarten-platzt-aus-allen-naehten-93488190-html-2-19847\/","title":{"rendered":"Seehauser Kindergarten platzt aus allen N\u00e4hten"},"content":{"rendered":"<div>Eigentlich bringt man seine Kleinen gern dorthin. Die Betreuung ist super, das Team engagiert. Doch der Seehauser Kindergarten St. Michael im Ortsteil Riedhausen droht, aus allen N\u00e4hten zu platzen. Der Elternbeirat dr\u00e4ngt auf eine L\u00f6sung. Jetzt will der Seehauser Gemeinderat aktiv werden.<\/div>\n","protected":false},"excerpt":{"rendered":"<p>Eigentlich bringt man seine Kleinen gern dorthin. Die Betreuung ist super, das Team engagiert. Doch der Seehauser Kindergarten St. Michael im Ortsteil Riedhausen droht, aus allen N\u00e4hten zu platzen. Der Elternbeirat dr\u00e4ngt auf eine L\u00f6sung. Jetzt will der Seehauser Gemeinderat aktiv werden.<\/p>\n","protected":false},"author":5,"featured_media":0,"comment_status":"closed","ping_status":"open","sticky":false,"template":"","format":"standard","meta":[],"categories":[5],"tags":[],"_links":{"self":[{"href":"http:\/\/cms.mtsomnii.de\/w7\/wp-json\/wp\/v2\/posts\/19847"}],"collection":[{"href":"http:\/\/cms.mtsomnii.de\/w7\/wp-json\/wp\/v2\/posts"}],"about":[{"href":"http:\/\/cms.mtsomnii.de\/w7\/wp-json\/wp\/v2\/types\/post"}],"author":[{"embeddable":true,"href":"http:\/\/cms.mtsomnii.de\/w7\/wp-json\/wp\/v2\/users\/5"}],"replies":[{"embeddable":true,"href":"http:\/\/cms.mtsomnii.de\/w7\/wp-json\/wp\/v2\/comments?post=19847"}],"version-history":[{"count":0,"href":"http:\/\/cms.mtsomnii.de\/w7\/wp-json\/wp\/v2\/posts\/19847\/revisions"}],"wp:attachment":[{"href":"http:\/\/cms.mtsomnii.de\/w7\/wp-json\/wp\/v2\/media?parent=19847"}],"wp:term":[{"taxonomy":"category","embeddable":true,"href":"http:\/\/cms.mtsomnii.de\/w7\/wp-json\/wp\/v2\/categories?post=19847"},{"taxonomy":"post_tag","embeddable":true,"href":"http:\/\/cms.mtsomnii.de\/w7\/wp-json\/wp\/v2\/tags?post=19847"}],"curies":[{"name":"wp","href":"https:\/\/api.w.org\/{rel}","templated":true}]}}